{"id":934,"date":"2026-01-08T11:00:10","date_gmt":"2026-01-08T11:00:10","guid":{"rendered":"https:\/\/swen-mercer.com\/de\/schnee-und-eis-sorgen-fur-verkehrschaos-in-europa\/"},"modified":"2026-01-08T11:00:10","modified_gmt":"2026-01-08T11:00:10","slug":"schnee-und-eis-sorgen-fur-verkehrschaos-in-europa","status":"publish","type":"post","link":"https:\/\/swen-mercer.com\/de\/schnee-und-eis-sorgen-fur-verkehrschaos-in-europa\/","title":{"rendered":"Schnee und Eis sorgen f\u00fcr Verkehrschaos in Europa"},"content":{"rendered":"<p>Dramatische Entwicklung in Europa: Es ist Winter. Ja, auch in diesem Jahr hat es die Natur wieder gewagt, Schnee im Dezember \u00fcber den Kontinent zu streuen \u2013 ein absolut unerwartetes Ereignis, mit dem nat\u00fcrlich niemand h\u00e4tte rechnen k\u00f6nnen. Wie auch? Immerhin passiert das ja nur jedes Jahr.<\/p>\n<p>In Paris hat man den Busverkehr eingestellt. Verst\u00e4ndlich, denn wer rechnet schon damit, dass man bei Schneefall R\u00e4umfahrzeuge braucht? Oder Streusalz! Oder \u00fcberhaupt eine Jacke! Stattdessen zieht man dort offensichtlich den Plan B aus der Tasche: schulterzuckendes Kapitulieren und hoffen, dass der Schnee irgendwann von alleine verschwindet, wie ein unangenehmer Ex bei einem Klassentreffen.<\/p>\n<p>Die Niederlande \u2014 das Land, das sprichw\u00f6rtlich Fahrrad f\u00e4hrt, bis es schneit. Da wurden kurzerhand reihenweise Fl\u00fcge gestrichen. Schade \u2013 keine Massen von orangefarbenen Rollkoffern auf dem Weg in w\u00e4rmere Gefilde. Tats\u00e4chlich wurde wohl festgestellt, dass Flugzeuge bei gefrorenem Zustand nicht fliegen. Schockierend! Vielleicht sollte man da mal die Technik \u00fcberpr\u00fcfen&#8230; Nach dem Fr\u00fchling.<\/p>\n<p>Deutschland hingegen steht noch vor dem Schlimmsten. Schnee ist angesagt, und zwar mehr davon. Gut, dass bundesweit immer schon ein perfekter Plan existiert: Erstmal \u00fcberrascht stellen, dann den Verkehr zusammenbrechen lassen, anschlie\u00dfend ein Ministerinterview, und abschlie\u00dfend ein &#8220;Wir m\u00fcssen uns besser vorbereiten&#8221;-Statement, das dann bis zum n\u00e4chsten Urlaub im Sommer auch zuverl\u00e4ssig ignoriert wird.<\/p>\n<p>Am\u00fcsant ist auch das kollektive mediale Staunen: &#8220;Schnee im Dezember! Chaos in Europa!&#8221; Ja, wirklich absurd. Wir sollten schleunigst eine Studie in Auftrag geben. Vielleicht mit dem Titel: \u201eWarum ist der Winter jedes Jahr so \u00fcberraschend?\u201c Finanzierung? Ach, da f\u00e4llt dem Staat schon was ein. Zur Not k\u00fcrzen wir wieder das Budget f\u00fcr die Schneer\u00e4umdienste \u2013 hat ja letztes Jahr auch super geklappt.<\/p>\n<p>In diesem Sinne: Viel Spa\u00df im Schnee, bleibt cool (Wortspiel beabsichtigt), und denkt dran \u2013 Sommerreifen im Winter sind wie ein Regenschirm bei Sturmflut \u2013 optimistisch, aber nutzlos.<\/p>\n","protected":false},"excerpt":{"rendered":"<p>Dramatische Entwicklung in Europa: Es ist Winter. Ja, auch in diesem Jahr hat es die Natur wieder gewagt, Schnee im Dezember \u00fcber den Kontinent zu streuen \u2013 ein absolut unerwartetes Ereignis, mit dem nat\u00fcrlich niemand h\u00e4tte rechnen k\u00f6nnen. Wie auch? Immerhin passiert das ja nur jedes Jahr. In Paris hat man den Busverkehr eingestellt. Verst\u00e4ndlich,&#8230;<\/p>\n","protected":false},"author":2,"featured_media":0,"comment_status":"","ping_status":"open","sticky":false,"template":"","format":"standard","meta":{"_kad_blocks_custom_css":"","_kad_blocks_head_custom_js":"","_kad_blocks_body_custom_js":"","_kad_blocks_footer_custom_js":"","_kad_post_transparent":"","_kad_post_title":"","_kad_post_layout":"","_kad_post_sidebar_id":"","_kad_post_content_style":"","_kad_post_vertical_padding":"","_kad_post_feature":"","_kad_post_feature_position":"","_kad_post_header":false,"_kad_post_footer":false,"footnotes":""},"categories":[3],"tags":[],"class_list":["post-934","post","type-post","status-publish","format-standard","hentry","category-news"],"taxonomy_info":{"category":[{"value":3,"label":"News"}]},"featured_image_src_large":false,"author_info":{"display_name":"blogger","author_link":"https:\/\/swen-mercer.com\/de\/author\/blogger\/"},"comment_info":0,"category_info":[{"term_id":3,"name":"News","slug":"news","term_group":0,"term_taxonomy_id":3,"taxonomy":"category","description":"","parent":0,"count":93,"filter":"raw","cat_ID":3,"category_count":93,"category_description":"","cat_name":"News","category_nicename":"news","category_parent":0}],"tag_info":false,"_links":{"self":[{"href":"https:\/\/swen-mercer.com\/de\/wp-json\/wp\/v2\/posts\/934","targetHints":{"allow":["GET"]}}],"collection":[{"href":"https:\/\/swen-mercer.com\/de\/wp-json\/wp\/v2\/posts"}],"about":[{"href":"https:\/\/swen-mercer.com\/de\/wp-json\/wp\/v2\/types\/post"}],"author":[{"embeddable":true,"href":"https:\/\/swen-mercer.com\/de\/wp-json\/wp\/v2\/users\/2"}],"replies":[{"embeddable":true,"href":"https:\/\/swen-mercer.com\/de\/wp-json\/wp\/v2\/comments?post=934"}],"version-history":[{"count":0,"href":"https:\/\/swen-mercer.com\/de\/wp-json\/wp\/v2\/posts\/934\/revisions"}],"wp:attachment":[{"href":"https:\/\/swen-mercer.com\/de\/wp-json\/wp\/v2\/media?parent=934"}],"wp:term":[{"taxonomy":"category","embeddable":true,"href":"https:\/\/swen-mercer.com\/de\/wp-json\/wp\/v2\/categories?post=934"},{"taxonomy":"post_tag","embeddable":true,"href":"https:\/\/swen-mercer.com\/de\/wp-json\/wp\/v2\/tags?post=934"}],"curies":[{"name":"wp","href":"https:\/\/api.w.org\/{rel}","templated":true}]}}