{"id":932,"date":"2026-01-06T11:00:25","date_gmt":"2026-01-06T11:00:25","guid":{"rendered":"https:\/\/swen-mercer.com\/de\/brand-in-crans-montana-jahrelang-keine-kontrollen-in-bar\/"},"modified":"2026-01-06T11:00:25","modified_gmt":"2026-01-06T11:00:25","slug":"brand-in-crans-montana-jahrelang-keine-kontrollen-in-bar","status":"publish","type":"post","link":"https:\/\/swen-mercer.com\/de\/brand-in-crans-montana-jahrelang-keine-kontrollen-in-bar\/","title":{"rendered":"Brand in Crans-Montana: Jahrelang keine Kontrollen in Bar"},"content":{"rendered":"<p>Ach, die Schweiz \u2013 Land der Uhren, Schokolade und offensichtlich auch brandgef\u00e4hrlicher Weihnachtsdeko mit integrierter Flammenwerfer-Funktion. <\/p>\n<p>In Crans-Montana, wo man normalerweise dar\u00fcber diskutiert, ob der Aperol Spritz nun mit Bio-Orangen serviert werden sollte oder nicht, hat sich k\u00fcrzlich eine Bar in eine spontane Feuerprobe verwandelt. Tragisch \u2013 wirklich, keine Ironie \u2013, aber was wirklich zum Heulen ist: Die Beh\u00f6rden gaben zu, dass man seit Jahren, also wirklich vielen Netflix-Staffeln, KEINE EINZIGE Kontrolle in der Bar durchgef\u00fchrt hat. Hm\u2026 klingt irgendwie nach einem \u201eMal gucken wir n\u00e4chstes Jahr\u201d-Ansatz, der auch beim M\u00fcllraustragen oder Zahnarztbesuch sehr beliebt ist.<\/p>\n<p>Aber Moment, es wird noch besser! Die Deckend\u00e4mmung? Ach, die war offenbar auch so ein mystisches Mysterium wie der Inhalt von Fast-Fashion-Kleidung oder die Bedeutung der Steuererkl\u00e4rung. Niemand wei\u00df so genau, was da eigentlich zusammengetackert wurde \u2013 vermutlich ein ambitioniertes DIY-Projekt mit Pappmach\u00e9 und guter Hoffnung.<\/p>\n<p>Der Gemeinderat hat sich \u00fcbrigens ganz tapfer gestellt und die \u201eFehler einger\u00e4umt\u201c. Awwww\u2026 Verantwortung \u00fcbernehmen ist ja so Retro! Richtig r\u00fchrend: Zuerst wird die Sicherheit links liegen gelassen, dann das Feuer rechts, und am Ende legt man sich selbst in Flammen der Reue. <\/p>\n<p>Man fragt sich unweigerlich, wer da regelm\u00e4\u00dfig auf dem Kontroll-Blatt den Haken bei \u201eSicherheitspr\u00fcfung durchgef\u00fchrt\u201c gesetzt hat. Der Weihnachtsmann? Ein besonders ambitionierter Praktikant? Oder haben alle Sicherheitsinspektoren einfach beschlossen, dass Apr\u00e8s-Ski-Spirit und gesetzliche Auflagen nicht kompatibel sind?<\/p>\n<p>Insgesamt f\u00fchlt sich dieses Desaster ein bisschen an wie der schlechte Witz, den niemand lustig findet \u2013 au\u00dfer vielleicht das Feuer, das offenbar als einziger zur T\u00fcrkontrolle erschienen ist. Bravo an alle Beteiligten. Ich hoffe, beim Wiederaufbau wird wenigstens ein Feuermelder installiert, der mehr tut als gut auszusehen.<\/p>\n","protected":false},"excerpt":{"rendered":"<p>Ach, die Schweiz \u2013 Land der Uhren, Schokolade und offensichtlich auch brandgef\u00e4hrlicher Weihnachtsdeko mit integrierter Flammenwerfer-Funktion. In Crans-Montana, wo man normalerweise dar\u00fcber diskutiert, ob der Aperol Spritz nun mit Bio-Orangen serviert werden sollte oder nicht, hat sich k\u00fcrzlich eine Bar in eine spontane Feuerprobe verwandelt. Tragisch \u2013 wirklich, keine Ironie \u2013, aber was wirklich zum&#8230;<\/p>\n","protected":false},"author":2,"featured_media":0,"comment_status":"","ping_status":"open","sticky":false,"template":"","format":"standard","meta":{"_kad_blocks_custom_css":"","_kad_blocks_head_custom_js":"","_kad_blocks_body_custom_js":"","_kad_blocks_footer_custom_js":"","_kad_post_transparent":"","_kad_post_title":"","_kad_post_layout":"","_kad_post_sidebar_id":"","_kad_post_content_style":"","_kad_post_vertical_padding":"","_kad_post_feature":"","_kad_post_feature_position":"","_kad_post_header":false,"_kad_post_footer":false,"footnotes":""},"categories":[3],"tags":[],"class_list":["post-932","post","type-post","status-publish","format-standard","hentry","category-news"],"taxonomy_info":{"category":[{"value":3,"label":"News"}]},"featured_image_src_large":false,"author_info":{"display_name":"blogger","author_link":"https:\/\/swen-mercer.com\/de\/author\/blogger\/"},"comment_info":0,"category_info":[{"term_id":3,"name":"News","slug":"news","term_group":0,"term_taxonomy_id":3,"taxonomy":"category","description":"","parent":0,"count":93,"filter":"raw","cat_ID":3,"category_count":93,"category_description":"","cat_name":"News","category_nicename":"news","category_parent":0}],"tag_info":false,"_links":{"self":[{"href":"https:\/\/swen-mercer.com\/de\/wp-json\/wp\/v2\/posts\/932","targetHints":{"allow":["GET"]}}],"collection":[{"href":"https:\/\/swen-mercer.com\/de\/wp-json\/wp\/v2\/posts"}],"about":[{"href":"https:\/\/swen-mercer.com\/de\/wp-json\/wp\/v2\/types\/post"}],"author":[{"embeddable":true,"href":"https:\/\/swen-mercer.com\/de\/wp-json\/wp\/v2\/users\/2"}],"replies":[{"embeddable":true,"href":"https:\/\/swen-mercer.com\/de\/wp-json\/wp\/v2\/comments?post=932"}],"version-history":[{"count":0,"href":"https:\/\/swen-mercer.com\/de\/wp-json\/wp\/v2\/posts\/932\/revisions"}],"wp:attachment":[{"href":"https:\/\/swen-mercer.com\/de\/wp-json\/wp\/v2\/media?parent=932"}],"wp:term":[{"taxonomy":"category","embeddable":true,"href":"https:\/\/swen-mercer.com\/de\/wp-json\/wp\/v2\/categories?post=932"},{"taxonomy":"post_tag","embeddable":true,"href":"https:\/\/swen-mercer.com\/de\/wp-json\/wp\/v2\/tags?post=932"}],"curies":[{"name":"wp","href":"https:\/\/api.w.org\/{rel}","templated":true}]}}