{"id":931,"date":"2026-01-05T11:00:12","date_gmt":"2026-01-05T11:00:12","guid":{"rendered":"https:\/\/swen-mercer.com\/de\/vor-lettland-erneut-unterseekabel-in-ostsee-beschadigt\/"},"modified":"2026-01-05T11:00:12","modified_gmt":"2026-01-05T11:00:12","slug":"vor-lettland-erneut-unterseekabel-in-ostsee-beschadigt","status":"publish","type":"post","link":"https:\/\/swen-mercer.com\/de\/vor-lettland-erneut-unterseekabel-in-ostsee-beschadigt\/","title":{"rendered":"Vor Lettland: Erneut Unterseekabel in Ostsee besch\u00e4digt"},"content":{"rendered":"<p>Breaking News aus dem glitzernden Wellnessbereich der Geopolitik: Ein weiteres Unterseekabel wurde in der Ostsee besch\u00e4digt. Wer h\u00e4tte gedacht, dass Glasfaserkabel in internationalen Gew\u00e4ssern nicht v\u00f6llig unverwundbar sind? Schockierend.<\/p>\n<p>Die lettischen Beh\u00f6rden schauen sich jetzt ganz genau ein Schiff an, das zuf\u00e4llig gerade da herumschipperte, wo das empfindliche Kabel pl\u00f6tzlich \u201eUps, kaputt!\u201c gemacht hat. Eventuell handelt es sich auch einfach um ein besonders enthusiastisches Fischereifahrzeug mit einem tiefen Groll gegen Telekommunikation \u2014 oder noch wahrscheinlicher: ein Taucherteam mit einem Netflix-Abo in schlechter Aufl\u00f6sung, das sich einfach r\u00e4chen will.<\/p>\n<p>Man muss die Ostsee mittlerweile wohl als den neuen IT-Krisenherd betrachten. Erst Nord Stream, jetzt Volleyball mit Unterseekabeln. Offenbar hat jemand \u201edigitale Infrastruktur als R\u00fcckgrat der modernen Gesellschaft\u201c ein wenig zu w\u00f6rtlich genommen und f\u00fchlt sich berufen, regelm\u00e4\u00dfig Wirbels\u00e4ulenquetschungen zu verteilen.<\/p>\n<p>Die romantische Vorstellung von unsichtbaren Informationen, die in Lichtgeschwindigkeit durch friedlich ruhende Tiefseeleitungen flitzen, bekommt jedenfalls gerade einen Reality-Check der Kategorie \u201eW\u00fctende Klausurenphase in der Spionageschule.\u201c<\/p>\n<p>Aber gut, das Internet l\u00e4uft ja trotzdem noch. Zumindest bis das n\u00e4chste Kabel \u201eaus Versehen\u201c Bekanntschaft mit einem zuf\u00e4llig genau dort fallengelassenen Anker macht. Oder einem Seeigel mit Schraubenzieher.<\/p>\n<p>Bleibt gespannt \u2013 vielleicht ist das alles ja nur Teil einer neuen Reality-TV-Show: \u201eSurvivor \u2013 Kabeledition: Wer h\u00e4lt dem Hochseeterror stand?\u201c Ich w\u00fcrde einschalten. Wenn das WLAN noch geht.<\/p>\n","protected":false},"excerpt":{"rendered":"<p>Breaking News aus dem glitzernden Wellnessbereich der Geopolitik: Ein weiteres Unterseekabel wurde in der Ostsee besch\u00e4digt. Wer h\u00e4tte gedacht, dass Glasfaserkabel in internationalen Gew\u00e4ssern nicht v\u00f6llig unverwundbar sind? Schockierend. Die lettischen Beh\u00f6rden schauen sich jetzt ganz genau ein Schiff an, das zuf\u00e4llig gerade da herumschipperte, wo das empfindliche Kabel pl\u00f6tzlich \u201eUps, kaputt!\u201c gemacht hat. Eventuell&#8230;<\/p>\n","protected":false},"author":2,"featured_media":0,"comment_status":"","ping_status":"open","sticky":false,"template":"","format":"standard","meta":{"_kad_blocks_custom_css":"","_kad_blocks_head_custom_js":"","_kad_blocks_body_custom_js":"","_kad_blocks_footer_custom_js":"","_kad_post_transparent":"","_kad_post_title":"","_kad_post_layout":"","_kad_post_sidebar_id":"","_kad_post_content_style":"","_kad_post_vertical_padding":"","_kad_post_feature":"","_kad_post_feature_position":"","_kad_post_header":false,"_kad_post_footer":false,"footnotes":""},"categories":[3],"tags":[],"class_list":["post-931","post","type-post","status-publish","format-standard","hentry","category-news"],"taxonomy_info":{"category":[{"value":3,"label":"News"}]},"featured_image_src_large":false,"author_info":{"display_name":"blogger","author_link":"https:\/\/swen-mercer.com\/de\/author\/blogger\/"},"comment_info":0,"category_info":[{"term_id":3,"name":"News","slug":"news","term_group":0,"term_taxonomy_id":3,"taxonomy":"category","description":"","parent":0,"count":93,"filter":"raw","cat_ID":3,"category_count":93,"category_description":"","cat_name":"News","category_nicename":"news","category_parent":0}],"tag_info":false,"_links":{"self":[{"href":"https:\/\/swen-mercer.com\/de\/wp-json\/wp\/v2\/posts\/931","targetHints":{"allow":["GET"]}}],"collection":[{"href":"https:\/\/swen-mercer.com\/de\/wp-json\/wp\/v2\/posts"}],"about":[{"href":"https:\/\/swen-mercer.com\/de\/wp-json\/wp\/v2\/types\/post"}],"author":[{"embeddable":true,"href":"https:\/\/swen-mercer.com\/de\/wp-json\/wp\/v2\/users\/2"}],"replies":[{"embeddable":true,"href":"https:\/\/swen-mercer.com\/de\/wp-json\/wp\/v2\/comments?post=931"}],"version-history":[{"count":0,"href":"https:\/\/swen-mercer.com\/de\/wp-json\/wp\/v2\/posts\/931\/revisions"}],"wp:attachment":[{"href":"https:\/\/swen-mercer.com\/de\/wp-json\/wp\/v2\/media?parent=931"}],"wp:term":[{"taxonomy":"category","embeddable":true,"href":"https:\/\/swen-mercer.com\/de\/wp-json\/wp\/v2\/categories?post=931"},{"taxonomy":"post_tag","embeddable":true,"href":"https:\/\/swen-mercer.com\/de\/wp-json\/wp\/v2\/tags?post=931"}],"curies":[{"name":"wp","href":"https:\/\/api.w.org\/{rel}","templated":true}]}}