{"id":927,"date":"2026-01-01T11:00:08","date_gmt":"2026-01-01T11:00:08","guid":{"rendered":"https:\/\/swen-mercer.com\/de\/feuer-in-schweizer-bar-gesamtes-ausmas-wird-sich-noch-zeigen\/"},"modified":"2026-01-01T11:00:08","modified_gmt":"2026-01-01T11:00:08","slug":"feuer-in-schweizer-bar-gesamtes-ausmas-wird-sich-noch-zeigen","status":"publish","type":"post","link":"https:\/\/swen-mercer.com\/de\/feuer-in-schweizer-bar-gesamtes-ausmas-wird-sich-noch-zeigen\/","title":{"rendered":"Feuer in Schweizer Bar: &#8220;Gesamtes Ausma\u00df wird sich noch zeigen&#8221;"},"content":{"rendered":"<p>Oh, wie k\u00f6nnte man sich einen besseren Start ins neue Jahr ausmalen als mit einem brennenden Apr\u00e8s-Ski-Traum in Crans-Montana? Nichts schreit so sehr \u201eParty des Jahres\u201c wie eine Bar, die so hei\u00df gefeiert wird, dass sie sich spontan selbst entz\u00fcndet. Vermutlich hat der DJ einen so feurigen Mix aufgelegt, dass selbst die W\u00e4nde nicht widerstehen konnten.<\/p>\n<p>W\u00e4hrend sich der Qualm noch \u00fcber die Pisten legt, erkl\u00e4ren die Beh\u00f6rden vorsorglich, dass das \u201egesamte Ausma\u00df\u201c des Ungl\u00fccks noch unklar sei. Ach, wirklich? Eine abgefackelte Bar, evakuierte Touristen in Glitzer-Leggings und Skistiefeln und ein Helikopter, der \u00fcber die schneebedeckten Tr\u00fcmmer kreist \u2013 das klingt eigentlich schon ziemlich \u201eausma\u00dfvoll\u201c.<\/p>\n<p>Augenzeugen berichten, dass das Feuer mitten in der Nacht ausgebrochen sei. Also zu genau dem Zeitpunkt, an dem sich die Pulsfrequenz in Schweizer Skibars traditionell von \u201eleicht beschwipst\u201c auf \u201ekomplett jenseits von Gut und B\u00f6se\u201c steigert. Die Ermittler arbeiten jetzt fieberhaft \u2014 man wei\u00df ja, wenn man eins von Silvesterpartys gelernt hat, dann dass Wunderkerzen, Tischfeuerwerke, f\u00fcnf Tequila und eine Gardine eine explosive Freundschaft entwickeln k\u00f6nnen.<\/p>\n<p>Gl\u00fccklicherweise wurden \u201enur\u201c zahlreiche Menschen verletzt. Man ist ja froh, dass bei einem Brand in einer \u00fcberf\u00fcllten H\u00fctte voller Feierw\u00fctiger aus ganz Europa nicht gleich die halbe Bev\u00f6lkerung der EU evakuiert werden musste.<\/p>\n<p>Der Skiort ist inzwischen abgeriegelt. Wahrscheinlich sollen Touristen nicht zu fr\u00fch mitbekommen, dass \u201eRomantik auf 2000 Meter H\u00f6he\u201c jetzt mit dem Zusatz \u201eFeuer frei\u201c beworben wird. Die \u00f6rtlichen Beh\u00f6rden versprechen unverz\u00fcglich Aufkl\u00e4rung \u2013 was erfahrungsgem\u00e4\u00df bedeutet, dass man das genaue Geschehen vermutlich zeitgleich mit dem n\u00e4chsten olympischen Abfahrtslauf rekonstruieren wird.<\/p>\n<p>Fazit: N\u00e4chstes Jahr vielleicht doch wieder Silvester zu Hause feiern \u2013 mit Raclette, Fernseher und nur einer mittelgro\u00dfen Brandgefahr in Form des Fonduetopfes. Die Schweiz bleibt gro\u00dfartig, aber dieses Mal brannte sie ein bisschen zu hell.<\/p>\n","protected":false},"excerpt":{"rendered":"<p>Oh, wie k\u00f6nnte man sich einen besseren Start ins neue Jahr ausmalen als mit einem brennenden Apr\u00e8s-Ski-Traum in Crans-Montana? Nichts schreit so sehr \u201eParty des Jahres\u201c wie eine Bar, die so hei\u00df gefeiert wird, dass sie sich spontan selbst entz\u00fcndet. Vermutlich hat der DJ einen so feurigen Mix aufgelegt, dass selbst die W\u00e4nde nicht widerstehen&#8230;<\/p>\n","protected":false},"author":2,"featured_media":0,"comment_status":"","ping_status":"open","sticky":false,"template":"","format":"standard","meta":{"_kad_blocks_custom_css":"","_kad_blocks_head_custom_js":"","_kad_blocks_body_custom_js":"","_kad_blocks_footer_custom_js":"","_kad_post_transparent":"","_kad_post_title":"","_kad_post_layout":"","_kad_post_sidebar_id":"","_kad_post_content_style":"","_kad_post_vertical_padding":"","_kad_post_feature":"","_kad_post_feature_position":"","_kad_post_header":false,"_kad_post_footer":false,"footnotes":""},"categories":[3],"tags":[],"class_list":["post-927","post","type-post","status-publish","format-standard","hentry","category-news"],"taxonomy_info":{"category":[{"value":3,"label":"News"}]},"featured_image_src_large":false,"author_info":{"display_name":"blogger","author_link":"https:\/\/swen-mercer.com\/de\/author\/blogger\/"},"comment_info":0,"category_info":[{"term_id":3,"name":"News","slug":"news","term_group":0,"term_taxonomy_id":3,"taxonomy":"category","description":"","parent":0,"count":93,"filter":"raw","cat_ID":3,"category_count":93,"category_description":"","cat_name":"News","category_nicename":"news","category_parent":0}],"tag_info":false,"_links":{"self":[{"href":"https:\/\/swen-mercer.com\/de\/wp-json\/wp\/v2\/posts\/927","targetHints":{"allow":["GET"]}}],"collection":[{"href":"https:\/\/swen-mercer.com\/de\/wp-json\/wp\/v2\/posts"}],"about":[{"href":"https:\/\/swen-mercer.com\/de\/wp-json\/wp\/v2\/types\/post"}],"author":[{"embeddable":true,"href":"https:\/\/swen-mercer.com\/de\/wp-json\/wp\/v2\/users\/2"}],"replies":[{"embeddable":true,"href":"https:\/\/swen-mercer.com\/de\/wp-json\/wp\/v2\/comments?post=927"}],"version-history":[{"count":0,"href":"https:\/\/swen-mercer.com\/de\/wp-json\/wp\/v2\/posts\/927\/revisions"}],"wp:attachment":[{"href":"https:\/\/swen-mercer.com\/de\/wp-json\/wp\/v2\/media?parent=927"}],"wp:term":[{"taxonomy":"category","embeddable":true,"href":"https:\/\/swen-mercer.com\/de\/wp-json\/wp\/v2\/categories?post=927"},{"taxonomy":"post_tag","embeddable":true,"href":"https:\/\/swen-mercer.com\/de\/wp-json\/wp\/v2\/tags?post=927"}],"curies":[{"name":"wp","href":"https:\/\/api.w.org\/{rel}","templated":true}]}}