{"id":924,"date":"2025-12-29T11:00:12","date_gmt":"2025-12-29T11:00:12","guid":{"rendered":"https:\/\/swen-mercer.com\/de\/tote-nach-schweren-uberschwemmungen-in-sudspanien\/"},"modified":"2025-12-29T11:00:12","modified_gmt":"2025-12-29T11:00:12","slug":"tote-nach-schweren-uberschwemmungen-in-sudspanien","status":"publish","type":"post","link":"https:\/\/swen-mercer.com\/de\/tote-nach-schweren-uberschwemmungen-in-sudspanien\/","title":{"rendered":"Tote nach schweren \u00dcberschwemmungen in S\u00fcdspanien"},"content":{"rendered":"<p>Ah, Spanien \u2013 das Land der Sonne, der Siestas und der romantischen Flamenco-Gitarrenkl\u00e4nge im Abendrot&#8230; oder, neuerdings, das Land von \u201eAch du meine G\u00fcte, wie viele Liter Wasser passen eigentlich in eine Altstadt?\u201c<\/p>\n<p>Ja, herzlichen Gl\u00fcckwunsch, M\u00e1laga. Nach zw\u00f6lf Stunden Dauerregen wurde die Provinz kurzerhand in eine mediterrane Version von Atlantis umgestaltet. Nur ohne die schicken S\u00e4ulen und die mythischen Wasserwesen, daf\u00fcr aber mit Schlamm, zerst\u00f6rten Stra\u00dfen und der \u00fcblichen Portion Katastrophenmanagement \u00e1 la \u201eWir haben damit \u00fcberhaupt nicht gerechnet!\u201c<\/p>\n<p>Mindestens zwei Menschen sind ums Leben gekommen, und nat\u00fcrlich fehlt noch einer \u2013 vermutlich auf einem aufblasbaren Flamingo in Richtung Portugal unterwegs. Es ist wirklich tr\u00f6stlich zu wissen, dass trotz Klimawandel, anhaltender Trockenheit und Sommern, die St\u00e4dte \u00fcblicherweise in Glut\u00f6fen verwandeln, niemand auf die Idee kommt, dass ein bisschen Regen auch mal mehr sein k\u00f6nnte als eine willkommene Abk\u00fchlung. Oder vielleicht doch? Vielleicht war das Ganze nur ein besonders ehrgeiziges Pilotprojekt im Bereich urbane Wassersportm\u00f6glichkeiten. Wer braucht schon klassische Infrastruktur, wenn man mit einem Kajak zur B\u00e4ckerei fahren kann?<\/p>\n<p>Die Regenmengen waren so beeindruckend, dass wild entschlossene deutsche Hobby-Meteorologen jetzt vermutlich schon an WhatsApp-Statusmeldungen wie \u201eHaste gesehen, da unten! JETZT BRAUCHEN WIR AUCH BALD EIN BOOT!!!\u201c arbeiten. W\u00e4hrenddessen posten Influencer romantische Bilder von \u00fcberschwemmten Callejas unter dem Hashtag #rainyvibes. Wenn einem das Wasser bis zum Hals steht, ist wenigstens das Selfie gut beleuchtet.<\/p>\n<p>Aber hey, man darf auch ruhig mal das Positive sehen: Endlich ein Grund f\u00fcr alle Bauunternehmen, die Existenz von Kanalisation wiederzuentdecken. Vielleicht regnet es in zwanzig Jahren dann sogar mal, ohne dass das halbe Stadtbild abdriftet wie bei Titanic \u2013 nur ohne Leonardo DiCaprio, der wenigstens noch wusste, wie man sich dramatisch von einer T\u00fcr verabschiedet.<\/p>\n<p>In einer Welt, in der Klimakatastrophen so selten und \u00fcberraschend auftreten wie ein Spontaneinkauf bei Lidl ohne Rentner-Stau, ist es doch wirklich beruhigend, dass die Natur uns gelegentlich daran erinnert, wie unvorbereitet wir inmitten unserer Excel-Tabellen eigentlich sind.<\/p>\n<p>Also, liebe M\u00e1lague\u00f1os: Haltet eure Schwimmfl\u00fcgel bereit, speichert die Nummer des Paddelverleihs im Handy \u2014 und wer wei\u00df? Vielleicht entdeckt ihr ja eine neue Touristenattraktion: den historischen Stadtkern mit Unterwasserbeleuchtung.<\/p>\n<p>Hasta la pr\u00f3xima Sintflut! \ud83d\ude43<\/p>\n","protected":false},"excerpt":{"rendered":"<p>Ah, Spanien \u2013 das Land der Sonne, der Siestas und der romantischen Flamenco-Gitarrenkl\u00e4nge im Abendrot&#8230; oder, neuerdings, das Land von \u201eAch du meine G\u00fcte, wie viele Liter Wasser passen eigentlich in eine Altstadt?\u201c Ja, herzlichen Gl\u00fcckwunsch, M\u00e1laga. Nach zw\u00f6lf Stunden Dauerregen wurde die Provinz kurzerhand in eine mediterrane Version von Atlantis umgestaltet. Nur ohne die&#8230;<\/p>\n","protected":false},"author":2,"featured_media":0,"comment_status":"","ping_status":"open","sticky":false,"template":"","format":"standard","meta":{"_kad_blocks_custom_css":"","_kad_blocks_head_custom_js":"","_kad_blocks_body_custom_js":"","_kad_blocks_footer_custom_js":"","_kad_post_transparent":"","_kad_post_title":"","_kad_post_layout":"","_kad_post_sidebar_id":"","_kad_post_content_style":"","_kad_post_vertical_padding":"","_kad_post_feature":"","_kad_post_feature_position":"","_kad_post_header":false,"_kad_post_footer":false,"footnotes":""},"categories":[3],"tags":[],"class_list":["post-924","post","type-post","status-publish","format-standard","hentry","category-news"],"taxonomy_info":{"category":[{"value":3,"label":"News"}]},"featured_image_src_large":false,"author_info":{"display_name":"blogger","author_link":"https:\/\/swen-mercer.com\/de\/author\/blogger\/"},"comment_info":0,"category_info":[{"term_id":3,"name":"News","slug":"news","term_group":0,"term_taxonomy_id":3,"taxonomy":"category","description":"","parent":0,"count":93,"filter":"raw","cat_ID":3,"category_count":93,"category_description":"","cat_name":"News","category_nicename":"news","category_parent":0}],"tag_info":false,"_links":{"self":[{"href":"https:\/\/swen-mercer.com\/de\/wp-json\/wp\/v2\/posts\/924","targetHints":{"allow":["GET"]}}],"collection":[{"href":"https:\/\/swen-mercer.com\/de\/wp-json\/wp\/v2\/posts"}],"about":[{"href":"https:\/\/swen-mercer.com\/de\/wp-json\/wp\/v2\/types\/post"}],"author":[{"embeddable":true,"href":"https:\/\/swen-mercer.com\/de\/wp-json\/wp\/v2\/users\/2"}],"replies":[{"embeddable":true,"href":"https:\/\/swen-mercer.com\/de\/wp-json\/wp\/v2\/comments?post=924"}],"version-history":[{"count":0,"href":"https:\/\/swen-mercer.com\/de\/wp-json\/wp\/v2\/posts\/924\/revisions"}],"wp:attachment":[{"href":"https:\/\/swen-mercer.com\/de\/wp-json\/wp\/v2\/media?parent=924"}],"wp:term":[{"taxonomy":"category","embeddable":true,"href":"https:\/\/swen-mercer.com\/de\/wp-json\/wp\/v2\/categories?post=924"},{"taxonomy":"post_tag","embeddable":true,"href":"https:\/\/swen-mercer.com\/de\/wp-json\/wp\/v2\/tags?post=924"}],"curies":[{"name":"wp","href":"https:\/\/api.w.org\/{rel}","templated":true}]}}