{"id":918,"date":"2025-12-23T11:00:12","date_gmt":"2025-12-23T11:00:12","guid":{"rendered":"https:\/\/swen-mercer.com\/de\/ungarn-der-youtuber-den-orban-noch-nicht-kontrolliert\/"},"modified":"2025-12-23T11:00:12","modified_gmt":"2025-12-23T11:00:12","slug":"ungarn-der-youtuber-den-orban-noch-nicht-kontrolliert","status":"publish","type":"post","link":"https:\/\/swen-mercer.com\/de\/ungarn-der-youtuber-den-orban-noch-nicht-kontrolliert\/","title":{"rendered":"Ungarn: Der YouTuber, den Orb\u00e1n (noch) nicht kontrolliert"},"content":{"rendered":"<p>In einem Paralleluniversum namens Ungarn, dem Disneyland autorit\u00e4rer Tr\u00e4umereien, gelingt es Premierminister Viktor Orb\u00e1n tats\u00e4chlich, die komplette Medienlandschaft wie eine schlecht synchrone Puppenshow zu kontrollieren. Fernsehen? Check. Radio? Check. Printmedien? Nat\u00fcrlich. Selbst die Wettervorhersage wird wahrscheinlich per Fidesz-Freigabe durchgewinkt: \u201eHeute herrscht Sonnenschein, weil Viktor es so will.\u201c<\/p>\n<p>Doch dann geschah das Unfassbare. Im finstersten Eck des Internets \u2013 dort, wo Katzenvideos und verschw\u00f6rungstheoretische Aluhut-Tutorials nebeneinander existieren \u2013 erhob sich ein Mann mit einem YouTube-Kanal. Ein Mann, der furchtlos und \u00f6ffentlich ausspricht, was andere nur hinter vorgehaltener Serviette ins Gulasch fl\u00fcstern: Adam Nagy. <\/p>\n<p>Ja, richtig gelesen. In einem Land, in dem investigative Journalist:innen genauso selten vorkommen wie freie Wahlen in Nordkorea, schneidet ein Typ mit WLAN und Kamera die Themen an, die Orb\u00e1n lieber unter den ungarischen Teppich schiebt, auf dem vermutlich ein Portr\u00e4t seiner eigenen Stirn prangt.<\/p>\n<p>Mit seinen Videos erreicht Nagy Hunderttausende \u2013 das sind mehr Menschen, als bei Orb\u00e1ns allj\u00e4hrlicher \u201eIch hab alles im Griff\u201c-Ansprache nicht freiwillig eingeschlafen sind. Seine Themen? All die Sachen, die im staatlichen Fernsehen ungef\u00e4hr so pr\u00e4sent sind wie ein Regenbogen beim Kirchentag: Korruption, Vetternwirtschaft, und, Schockschwerenot: echte Meinungsvielfalt.<\/p>\n<p>Es ist fast so, als h\u00e4tte jemand vergessen, das Internet in Ungarn ebenfalls unter staatliche Vormundschaft zu stellen. Vielleicht war das WLAN-Kabel zu kurz. Vielleicht reichte das Digitalbudget nur f\u00fcr einen neuen TikTok-Account von Orb\u00e1ns Hund. Oder \u2013 Gott bewahre \u2013 vielleicht hat man dort untersch\u00e4tzt, dass junge Leute, die keine Zeitung mehr lesen, trotzdem eine Meinung haben. Noch krasser: Sie wissen, wie man eine Kamera h\u00e4lt!<\/p>\n<p>Dass Adam Nagy noch frei senden kann, ist entweder ein Versehen oder Teil eines gr\u00f6\u00dferen Plans. Vielleicht hofft die Regierung, dass ihn die Klickzahlen irgendwann dazu bringen, Werbung f\u00fcr Zahnaufheller oder dubiose VPN-Dienste zu machen und so seine politische Relevanz einfach wegmonetarisiert wird.<\/p>\n<p>Aber bis dahin bleibt er ein \u00e4u\u00dferst seltener Vogel im ungarischen Medienzoo \u2013 eine Art journalistischer Ph\u00f6nix, der aus der Asche der Pressefreiheit wieder aufersteht. Und das Beste: Man kann ihm einfach zusehen. Ganz ohne Orb\u00e1ns Segen. Noch.<\/p>\n","protected":false},"excerpt":{"rendered":"<p>In einem Paralleluniversum namens Ungarn, dem Disneyland autorit\u00e4rer Tr\u00e4umereien, gelingt es Premierminister Viktor Orb\u00e1n tats\u00e4chlich, die komplette Medienlandschaft wie eine schlecht synchrone Puppenshow zu kontrollieren. Fernsehen? Check. Radio? Check. Printmedien? Nat\u00fcrlich. Selbst die Wettervorhersage wird wahrscheinlich per Fidesz-Freigabe durchgewinkt: \u201eHeute herrscht Sonnenschein, weil Viktor es so will.\u201c Doch dann geschah das Unfassbare. Im finstersten Eck&#8230;<\/p>\n","protected":false},"author":2,"featured_media":0,"comment_status":"","ping_status":"open","sticky":false,"template":"","format":"standard","meta":{"_kad_blocks_custom_css":"","_kad_blocks_head_custom_js":"","_kad_blocks_body_custom_js":"","_kad_blocks_footer_custom_js":"","_kad_post_transparent":"","_kad_post_title":"","_kad_post_layout":"","_kad_post_sidebar_id":"","_kad_post_content_style":"","_kad_post_vertical_padding":"","_kad_post_feature":"","_kad_post_feature_position":"","_kad_post_header":false,"_kad_post_footer":false,"footnotes":""},"categories":[3],"tags":[],"class_list":["post-918","post","type-post","status-publish","format-standard","hentry","category-news"],"taxonomy_info":{"category":[{"value":3,"label":"News"}]},"featured_image_src_large":false,"author_info":{"display_name":"blogger","author_link":"https:\/\/swen-mercer.com\/de\/author\/blogger\/"},"comment_info":0,"category_info":[{"term_id":3,"name":"News","slug":"news","term_group":0,"term_taxonomy_id":3,"taxonomy":"category","description":"","parent":0,"count":93,"filter":"raw","cat_ID":3,"category_count":93,"category_description":"","cat_name":"News","category_nicename":"news","category_parent":0}],"tag_info":false,"_links":{"self":[{"href":"https:\/\/swen-mercer.com\/de\/wp-json\/wp\/v2\/posts\/918","targetHints":{"allow":["GET"]}}],"collection":[{"href":"https:\/\/swen-mercer.com\/de\/wp-json\/wp\/v2\/posts"}],"about":[{"href":"https:\/\/swen-mercer.com\/de\/wp-json\/wp\/v2\/types\/post"}],"author":[{"embeddable":true,"href":"https:\/\/swen-mercer.com\/de\/wp-json\/wp\/v2\/users\/2"}],"replies":[{"embeddable":true,"href":"https:\/\/swen-mercer.com\/de\/wp-json\/wp\/v2\/comments?post=918"}],"version-history":[{"count":0,"href":"https:\/\/swen-mercer.com\/de\/wp-json\/wp\/v2\/posts\/918\/revisions"}],"wp:attachment":[{"href":"https:\/\/swen-mercer.com\/de\/wp-json\/wp\/v2\/media?parent=918"}],"wp:term":[{"taxonomy":"category","embeddable":true,"href":"https:\/\/swen-mercer.com\/de\/wp-json\/wp\/v2\/categories?post=918"},{"taxonomy":"post_tag","embeddable":true,"href":"https:\/\/swen-mercer.com\/de\/wp-json\/wp\/v2\/tags?post=918"}],"curies":[{"name":"wp","href":"https:\/\/api.w.org\/{rel}","templated":true}]}}