{"id":916,"date":"2025-12-21T11:00:10","date_gmt":"2025-12-21T11:00:10","guid":{"rendered":"https:\/\/swen-mercer.com\/de\/hunderte-migranten-erreichen-kreta\/"},"modified":"2025-12-21T11:00:10","modified_gmt":"2025-12-21T11:00:10","slug":"hunderte-migranten-erreichen-kreta","status":"publish","type":"post","link":"https:\/\/swen-mercer.com\/de\/hunderte-migranten-erreichen-kreta\/","title":{"rendered":"Hunderte Migranten erreichen Kreta"},"content":{"rendered":"<p>Oh, wie \u00fcberraschend: Hunderte Migranten erreichen Kreta \u2013 im Sommer! Wer h\u00e4tte gedacht, dass ruhiges Mittelmeerwetter tats\u00e4chlich Boote \u00fcbers Mittelmeer locken k\u00f6nnte? Unglaublich, was so ein bisschen Sonnenschein und spiegelglattes Wasser alles ausl\u00f6sen kann. Da denkt man, die Ruhe sei f\u00fcr Touristen da \u2013 aber nein, offensichtlich auch f\u00fcr Menschen in gr\u00f6\u00dfter Not. Wie egoistisch von ihnen, die Wellenfestigkeit der \u00c4g\u00e4is f\u00fcr ihre Flucht vor Krieg, Armut und Perspektivlosigkeit zu nutzen. Tz, tz.<\/p>\n<p>Aber Moment: 650 Menschen in nur zwei Tagen? Das klingt ja fast so, als w\u00e4re Flucht kein Hobby mehr, sondern existenzielle Notwendigkeit. Skandal\u00f6s! Warum kl\u00e4rt Europa diese Leute nicht endlich auf, dass sie gerne zu Hause verhungern, verfolgt oder bombardiert werden d\u00fcrfen \u2013 selbstverst\u00e4ndlich im Einklang mit der B\u00fcrokratie und Schengenregelung.<\/p>\n<p>Und dann auch noch Kreta, diese Perle des Mittelmeers, bekannt f\u00fcr Ouzo, Oliven\u00f6l und\u2026 Menschlichkeit? Ach was, das muss ein Fehler im PR-Konzept sein. Migranten an einem Ort, der sonst nur Instagram-Influencer in flie\u00dfenden Leinenhemden beheimatet? Wo bleibt der \u00e4sthetisch gefilterte Sonnenuntergang, wenn im Hafen Menschen nach tagelanger Bootsfahrt dehydriert ankommen?<\/p>\n<p>Nat\u00fcrlich patrouilliert die europ\u00e4ische Grenzsicherung flei\u00dfig mit High-Tech-Ger\u00e4ten und Sonnenbrillen im Top-Gun-Stil. Schlie\u00dflich ist nichts beruhigender, als zu wissen, dass man Menschen in Seenot sekundenschnell entdecken kann \u2013 schon um sie dann effizient und formvollendet zwischen Paragrafen und Papiersalat verschwinden zu lassen.<\/p>\n<p>Und die Schleuser? Die nutzen das Wetter schamlos aus! Wie die Natur es blo\u00df wagt, bei so einer menschlichen Katastrophe auch noch mitzumachen. Aber hey, vielleicht sollte Europa einfach das Mittelmeer asphaltieren. Kein Wasser, keine Boote, Problem gel\u00f6st. Ironie off \u2013 oder auch nicht.<\/p>\n","protected":false},"excerpt":{"rendered":"<p>Oh, wie \u00fcberraschend: Hunderte Migranten erreichen Kreta \u2013 im Sommer! Wer h\u00e4tte gedacht, dass ruhiges Mittelmeerwetter tats\u00e4chlich Boote \u00fcbers Mittelmeer locken k\u00f6nnte? Unglaublich, was so ein bisschen Sonnenschein und spiegelglattes Wasser alles ausl\u00f6sen kann. Da denkt man, die Ruhe sei f\u00fcr Touristen da \u2013 aber nein, offensichtlich auch f\u00fcr Menschen in gr\u00f6\u00dfter Not. Wie egoistisch&#8230;<\/p>\n","protected":false},"author":2,"featured_media":0,"comment_status":"","ping_status":"open","sticky":false,"template":"","format":"standard","meta":{"_kad_blocks_custom_css":"","_kad_blocks_head_custom_js":"","_kad_blocks_body_custom_js":"","_kad_blocks_footer_custom_js":"","_kad_post_transparent":"","_kad_post_title":"","_kad_post_layout":"","_kad_post_sidebar_id":"","_kad_post_content_style":"","_kad_post_vertical_padding":"","_kad_post_feature":"","_kad_post_feature_position":"","_kad_post_header":false,"_kad_post_footer":false,"footnotes":""},"categories":[3],"tags":[],"class_list":["post-916","post","type-post","status-publish","format-standard","hentry","category-news"],"taxonomy_info":{"category":[{"value":3,"label":"News"}]},"featured_image_src_large":false,"author_info":{"display_name":"blogger","author_link":"https:\/\/swen-mercer.com\/de\/author\/blogger\/"},"comment_info":0,"category_info":[{"term_id":3,"name":"News","slug":"news","term_group":0,"term_taxonomy_id":3,"taxonomy":"category","description":"","parent":0,"count":93,"filter":"raw","cat_ID":3,"category_count":93,"category_description":"","cat_name":"News","category_nicename":"news","category_parent":0}],"tag_info":false,"_links":{"self":[{"href":"https:\/\/swen-mercer.com\/de\/wp-json\/wp\/v2\/posts\/916","targetHints":{"allow":["GET"]}}],"collection":[{"href":"https:\/\/swen-mercer.com\/de\/wp-json\/wp\/v2\/posts"}],"about":[{"href":"https:\/\/swen-mercer.com\/de\/wp-json\/wp\/v2\/types\/post"}],"author":[{"embeddable":true,"href":"https:\/\/swen-mercer.com\/de\/wp-json\/wp\/v2\/users\/2"}],"replies":[{"embeddable":true,"href":"https:\/\/swen-mercer.com\/de\/wp-json\/wp\/v2\/comments?post=916"}],"version-history":[{"count":0,"href":"https:\/\/swen-mercer.com\/de\/wp-json\/wp\/v2\/posts\/916\/revisions"}],"wp:attachment":[{"href":"https:\/\/swen-mercer.com\/de\/wp-json\/wp\/v2\/media?parent=916"}],"wp:term":[{"taxonomy":"category","embeddable":true,"href":"https:\/\/swen-mercer.com\/de\/wp-json\/wp\/v2\/categories?post=916"},{"taxonomy":"post_tag","embeddable":true,"href":"https:\/\/swen-mercer.com\/de\/wp-json\/wp\/v2\/tags?post=916"}],"curies":[{"name":"wp","href":"https:\/\/api.w.org\/{rel}","templated":true}]}}