{"id":911,"date":"2025-12-16T11:00:15","date_gmt":"2025-12-16T11:00:15","guid":{"rendered":"https:\/\/swen-mercer.com\/de\/nach-bericht-uber-missbrauchsfalle-zehntausende-protestieren-gegen-orban-3\/"},"modified":"2025-12-16T11:00:15","modified_gmt":"2025-12-16T11:00:15","slug":"nach-bericht-uber-missbrauchsfalle-zehntausende-protestieren-gegen-orban-3","status":"publish","type":"post","link":"https:\/\/swen-mercer.com\/de\/nach-bericht-uber-missbrauchsfalle-zehntausende-protestieren-gegen-orban-3\/","title":{"rendered":"Nach Bericht \u00fcber Missbrauchsf\u00e4lle: Zehntausende protestieren gegen Orban"},"content":{"rendered":"<p>Oh, Ungarn. Das Land, in dem man Pressefreiheit mit einem schlechten WLAN-Signal verwechselt \u2013 gibt\u2019s halt nicht \u00fcberall, aber irgendwer wird schon schuldig sein. Diesmal haben sich Zehntausende B\u00fcrger aufgemacht, um gegen Ministerpr\u00e4sident Viktor \u201eDemokratie ist soooo 20. Jahrhundert\u201c Orb\u00e1n zu demonstrieren. Der Grund? Ein mutma\u00dflich vertuschter Bericht \u00fcber Missbrauchsf\u00e4lle in staatlichen Kinderheimen. Aber mal ehrlich \u2013 wer hat denn bitte erwartet, dass eine Regierung, die Transparenz so liebt wie Katzen ein Schaumbad, pl\u00f6tzlich mit Enth\u00fcllungen rausr\u00fcckt?  <\/p>\n<p>Die Demonstranten, offenbar v\u00f6llig \u00fcberraschend nicht mit Schnitzeln und Nationalstolz zufriedenstellbar, zogen durch Budapest und hatten die Dreistigkeit, Rechenschaft zu fordern \u2013 ein Konzept, das in Orb\u00e1ns Ungarn ungef\u00e4hr so verbreitet ist wie Veggieburger auf einem ungarischen Grillfest. Auf der ber\u00fchmten Kettenbr\u00fccke versammelten sich Menschen mit Plakaten, die sinngem\u00e4\u00df ausdr\u00fcckten: \u201eHey Regierung, k\u00f6nnt ihr mal aufh\u00f6ren, Kindesmissbrauch zu vertuschen?\u201c \u2013 Eine geradezu revolution\u00e4re Forderung, die in 75% der restlichen Welt unter \u201eGrundanstand\u201c f\u00e4llt.  <\/p>\n<p>Orb\u00e1ns Regierung hingegen zeigt sich wie immer entspannt: Die Opposition \u00fcbertreibe, der Bericht sei \u201enoch in Bearbeitung\u201c, und \u00fcberhaupt \u2013 warum sind die Leute so sensibel bei dem Thema? Ist ja nicht so, als ob es um vulnerable Kinder in staatlicher Obhut geht oder so.  <\/p>\n<p>In anderen L\u00e4ndern w\u00fcrde ein solcher Skandal zu R\u00fccktritten, Aussch\u00fcssen und \u2013 Gott bewahre \u2013 echten Konsequenzen f\u00fchren, aber in Ungarn? Da diskutiert man lieber dar\u00fcber, warum Genderstudies gef\u00e4hrlicher sind als mafi\u00f6se Strukturen in Heimen.  <\/p>\n<p>Also, liebe Ungarn, sch\u00f6n protestieren, aber vergesst nicht: In einem Land, in dem die Demokratie mit einem Staubsauger aus den 80ern abgesaugt wurde, braucht es etwas mehr als Transparente, um die Regierung zum Nachdenken zu bringen. Vielleicht einen lauten Staubsauger.  <\/p>\n<p>Bis dahin bleibt die Regierung bei ihrem Lieblingsspiel: \u201eVertuschen statt Verstehen\u201c. Fortsetzung folgt \u2013 vermutlich nicht im staatlichen Fernsehen.<\/p>\n","protected":false},"excerpt":{"rendered":"<p>Oh, Ungarn. Das Land, in dem man Pressefreiheit mit einem schlechten WLAN-Signal verwechselt \u2013 gibt\u2019s halt nicht \u00fcberall, aber irgendwer wird schon schuldig sein. Diesmal haben sich Zehntausende B\u00fcrger aufgemacht, um gegen Ministerpr\u00e4sident Viktor \u201eDemokratie ist soooo 20. Jahrhundert\u201c Orb\u00e1n zu demonstrieren. Der Grund? Ein mutma\u00dflich vertuschter Bericht \u00fcber Missbrauchsf\u00e4lle in staatlichen Kinderheimen. Aber mal&#8230;<\/p>\n","protected":false},"author":2,"featured_media":0,"comment_status":"","ping_status":"open","sticky":false,"template":"","format":"standard","meta":{"_kad_blocks_custom_css":"","_kad_blocks_head_custom_js":"","_kad_blocks_body_custom_js":"","_kad_blocks_footer_custom_js":"","_kad_post_transparent":"","_kad_post_title":"","_kad_post_layout":"","_kad_post_sidebar_id":"","_kad_post_content_style":"","_kad_post_vertical_padding":"","_kad_post_feature":"","_kad_post_feature_position":"","_kad_post_header":false,"_kad_post_footer":false,"footnotes":""},"categories":[3],"tags":[],"class_list":["post-911","post","type-post","status-publish","format-standard","hentry","category-news"],"taxonomy_info":{"category":[{"value":3,"label":"News"}]},"featured_image_src_large":false,"author_info":{"display_name":"blogger","author_link":"https:\/\/swen-mercer.com\/de\/author\/blogger\/"},"comment_info":0,"category_info":[{"term_id":3,"name":"News","slug":"news","term_group":0,"term_taxonomy_id":3,"taxonomy":"category","description":"","parent":0,"count":93,"filter":"raw","cat_ID":3,"category_count":93,"category_description":"","cat_name":"News","category_nicename":"news","category_parent":0}],"tag_info":false,"_links":{"self":[{"href":"https:\/\/swen-mercer.com\/de\/wp-json\/wp\/v2\/posts\/911","targetHints":{"allow":["GET"]}}],"collection":[{"href":"https:\/\/swen-mercer.com\/de\/wp-json\/wp\/v2\/posts"}],"about":[{"href":"https:\/\/swen-mercer.com\/de\/wp-json\/wp\/v2\/types\/post"}],"author":[{"embeddable":true,"href":"https:\/\/swen-mercer.com\/de\/wp-json\/wp\/v2\/users\/2"}],"replies":[{"embeddable":true,"href":"https:\/\/swen-mercer.com\/de\/wp-json\/wp\/v2\/comments?post=911"}],"version-history":[{"count":0,"href":"https:\/\/swen-mercer.com\/de\/wp-json\/wp\/v2\/posts\/911\/revisions"}],"wp:attachment":[{"href":"https:\/\/swen-mercer.com\/de\/wp-json\/wp\/v2\/media?parent=911"}],"wp:term":[{"taxonomy":"category","embeddable":true,"href":"https:\/\/swen-mercer.com\/de\/wp-json\/wp\/v2\/categories?post=911"},{"taxonomy":"post_tag","embeddable":true,"href":"https:\/\/swen-mercer.com\/de\/wp-json\/wp\/v2\/tags?post=911"}],"curies":[{"name":"wp","href":"https:\/\/api.w.org\/{rel}","templated":true}]}}