{"id":910,"date":"2025-12-15T11:00:24","date_gmt":"2025-12-15T11:00:24","guid":{"rendered":"https:\/\/swen-mercer.com\/de\/nach-bericht-uber-missbrauchsfalle-zehntausende-protestieren-gegen-orban-2\/"},"modified":"2025-12-15T11:00:24","modified_gmt":"2025-12-15T11:00:24","slug":"nach-bericht-uber-missbrauchsfalle-zehntausende-protestieren-gegen-orban-2","status":"publish","type":"post","link":"https:\/\/swen-mercer.com\/de\/nach-bericht-uber-missbrauchsfalle-zehntausende-protestieren-gegen-orban-2\/","title":{"rendered":"Nach Bericht \u00fcber Missbrauchsf\u00e4lle: Zehntausende protestieren gegen Orban"},"content":{"rendered":"<p>Ach, wie beruhigend: Alles l\u00e4uft absolut nach Drehbuch in der Orban-Demokratie Deluxe Edition\u2122. Zehntausende Menschen haben sich j\u00fcngst in Budapest versammelt, um ganz entspannt ihrer liebsten Freizeitbesch\u00e4ftigung nachzugehen \u2013 Spazieren mit Plakaten, Schreien gegen die Wand und demonstrative Verzweiflung im Angesicht einer Regierung, die Transparenz so liebt wie Vampire Sonnenlicht.<\/p>\n<p>Anlass f\u00fcr dieses freundliche Beisammensein auf der Kettenbr\u00fccke? Ein Bericht \u00fcber Missbrauchsf\u00e4lle in staatlichen Kinderheimen, der, wie durch g\u00f6ttliche F\u00fcgung, leider irgendwie \u2013 huch! \u2013 nicht so ganz im \u00f6ffentlichen Diskurs angekommen ist. Also, klar, es war wohl irgendwo in einer Schublade zwischen dem 437. Gesetzesentwurf zum Thema \u201eWie man NGOs effizienter sabotiert\u201c und einem Kunstdruck von Viktor Orban in Siegerpose.<\/p>\n<p>Aber keine Sorge! Die Regierung hat \u2013 wie immer \u2013 alles im Griff. Was w\u00e4re es auch f\u00fcr ein Ungarn, wenn mal was UNTER Kontrolle geraten w\u00fcrde? Die Opposition pl\u00e4rrt was von \u201eVertuschung\u201c, \u201eUnmenschlichkeit\u201c und \u201eSystemversagen\u201c, aber mal ganz ehrlich: Wenn man anf\u00e4ngt wegen ein bisschen Missbrauch zu demonstrieren \u2013 also wirklich! \u2013 Wo kommen wir denn da hin? <\/p>\n<p>Vielleicht in eine Welt, in der Verantwortung nicht blo\u00df ein alternativer Begriff f\u00fcr \u201eablenken, wegl\u00e4cheln, die Schuld den Linken geben\u201c ist? Aber das w\u00e4re dann schon fast skandinavisches Niveau \u2013 und da ist es bekanntlich kalt und sozialistisch. Nein danke.<\/p>\n<p>Orban selbst hat sich \u2013 wie man ihn kennt \u2013 sehr engagiert NICHT ge\u00e4u\u00dfert. Aber wer braucht schon Worte, wenn man 90 % der Medien kontrolliert? Wirklich beeindruckend, dieser moderne Zauberer des semidiktatorischen Regierungsstils. \u201eAbrakadabra \u2013 dieser Skandal ist nie passiert!\u201c Und zack! Eine neue Schlagzeile \u00fcber Migranten, und alle vergessen wieder, wor\u00fcber sie sich eigentlich emp\u00f6ren wollten.<\/p>\n<p>Also, Hut ab, Ungarn. Zehntausende auf der Stra\u00dfe, und die Regierung zuckt so sehr mit der Schulter wie ein Eisschrank mit Stromausfall. Es ist fast schon poetisch, wie man sich in einen Autoritarismus kuscheln kann, der bei schweren Anschuldigungen maximal sp\u00fcrbar ist in seiner v\u00f6lligen Abwesenheit von Mitgef\u00fchl.<\/p>\n<p>Aber hey \u2013 immerhin durfte die Opposition mal wieder frische Luft schnappen. Auch was wert, oder?<\/p>\n","protected":false},"excerpt":{"rendered":"<p>Ach, wie beruhigend: Alles l\u00e4uft absolut nach Drehbuch in der Orban-Demokratie Deluxe Edition\u2122. Zehntausende Menschen haben sich j\u00fcngst in Budapest versammelt, um ganz entspannt ihrer liebsten Freizeitbesch\u00e4ftigung nachzugehen \u2013 Spazieren mit Plakaten, Schreien gegen die Wand und demonstrative Verzweiflung im Angesicht einer Regierung, die Transparenz so liebt wie Vampire Sonnenlicht. Anlass f\u00fcr dieses freundliche Beisammensein&#8230;<\/p>\n","protected":false},"author":2,"featured_media":0,"comment_status":"","ping_status":"open","sticky":false,"template":"","format":"standard","meta":{"_kad_blocks_custom_css":"","_kad_blocks_head_custom_js":"","_kad_blocks_body_custom_js":"","_kad_blocks_footer_custom_js":"","_kad_post_transparent":"","_kad_post_title":"","_kad_post_layout":"","_kad_post_sidebar_id":"","_kad_post_content_style":"","_kad_post_vertical_padding":"","_kad_post_feature":"","_kad_post_feature_position":"","_kad_post_header":false,"_kad_post_footer":false,"footnotes":""},"categories":[3],"tags":[],"class_list":["post-910","post","type-post","status-publish","format-standard","hentry","category-news"],"taxonomy_info":{"category":[{"value":3,"label":"News"}]},"featured_image_src_large":false,"author_info":{"display_name":"blogger","author_link":"https:\/\/swen-mercer.com\/de\/author\/blogger\/"},"comment_info":0,"category_info":[{"term_id":3,"name":"News","slug":"news","term_group":0,"term_taxonomy_id":3,"taxonomy":"category","description":"","parent":0,"count":93,"filter":"raw","cat_ID":3,"category_count":93,"category_description":"","cat_name":"News","category_nicename":"news","category_parent":0}],"tag_info":false,"_links":{"self":[{"href":"https:\/\/swen-mercer.com\/de\/wp-json\/wp\/v2\/posts\/910","targetHints":{"allow":["GET"]}}],"collection":[{"href":"https:\/\/swen-mercer.com\/de\/wp-json\/wp\/v2\/posts"}],"about":[{"href":"https:\/\/swen-mercer.com\/de\/wp-json\/wp\/v2\/types\/post"}],"author":[{"embeddable":true,"href":"https:\/\/swen-mercer.com\/de\/wp-json\/wp\/v2\/users\/2"}],"replies":[{"embeddable":true,"href":"https:\/\/swen-mercer.com\/de\/wp-json\/wp\/v2\/comments?post=910"}],"version-history":[{"count":0,"href":"https:\/\/swen-mercer.com\/de\/wp-json\/wp\/v2\/posts\/910\/revisions"}],"wp:attachment":[{"href":"https:\/\/swen-mercer.com\/de\/wp-json\/wp\/v2\/media?parent=910"}],"wp:term":[{"taxonomy":"category","embeddable":true,"href":"https:\/\/swen-mercer.com\/de\/wp-json\/wp\/v2\/categories?post=910"},{"taxonomy":"post_tag","embeddable":true,"href":"https:\/\/swen-mercer.com\/de\/wp-json\/wp\/v2\/tags?post=910"}],"curies":[{"name":"wp","href":"https:\/\/api.w.org\/{rel}","templated":true}]}}