{"id":909,"date":"2025-12-14T11:00:15","date_gmt":"2025-12-14T11:00:15","guid":{"rendered":"https:\/\/swen-mercer.com\/de\/nach-bericht-uber-missbrauchsfalle-zehntausende-protestieren-gegen-orban\/"},"modified":"2025-12-14T11:00:15","modified_gmt":"2025-12-14T11:00:15","slug":"nach-bericht-uber-missbrauchsfalle-zehntausende-protestieren-gegen-orban","status":"publish","type":"post","link":"https:\/\/swen-mercer.com\/de\/nach-bericht-uber-missbrauchsfalle-zehntausende-protestieren-gegen-orban\/","title":{"rendered":"Nach Bericht \u00fcber Missbrauchsf\u00e4lle: Zehntausende protestieren gegen Orban"},"content":{"rendered":"<p>Ach, Viktor Orban. Der Mann, der Meinungsfreiheit so sehr liebt, dass er sie am liebsten f\u00fcr sich behalten w\u00fcrde. Wie r\u00fchrend.<\/p>\n<p>Und jetzt das: Zehntausende Menschen demonstrieren in Ungarn \u2013 nicht etwa, weil das Wetter so sch\u00f6n ist, sondern weil die Regierung angeblich (Spoiler: total \u00fcberraschend!) einen Bericht \u00fcber Missbrauchsf\u00e4lle in staatlichen Kinderheimen vertuscht hat. Wow. Wer h\u00e4tte gedacht, dass eine Regierung, die unabh\u00e4ngige Medien f\u00fcr \u00fcberbewertet h\u00e4lt und Demokratie als l\u00e4stigen Zeitvertreib betrachtet, auch bei Kindesmissbrauch nicht ganz so offen ist wie ein Schaufenster im Sommerschlussverkauf?<\/p>\n<p>Aber Moment \u2013 vielleicht ist das alles nur ein Missverst\u00e4ndnis. Vielleicht hat Orban den Bericht gar nicht vertuschen lassen. Vielleicht hat er ihn einfach in einen dieser geheimen Stapel gelegt, gleich neben den Berichten \u00fcber systematische Korruption, Gleichschaltung der Justiz und charmante Wahlmanipulationen. So viele Papiere, so wenig Aktenschr\u00e4nke!<\/p>\n<p>Die Proteste: Zehntausende auf den Stra\u00dfen, emp\u00f6rt, laut, voller Wut. Was macht ein moderner Autokrat da? Eine Untersuchungskommission mit unabh\u00e4ngigen Experten und klarer Transparenz? Haha, nein, falscher Film. Stattdessen: Kopf in den Sand, Ohren auf Regierungssender eingestellt und hoffen, dass das Volk sich ablenken l\u00e4sst \u2013 vielleicht mit neuen Migranten-Schreckgespenstern oder einer nationalistischen Opernauff\u00fchrung \u00fcber Ungarns glorreiche Vergangenheit, als noch niemand Fragen stellte.<\/p>\n<p>Und klar, die Opposition ist emp\u00f6rt \u2013 also die paar Leute, die noch nicht von Orbans Medienimperium als \u201eVolksverr\u00e4ter\u201c abgestempelt wurden. Sie sprechen von einer moralischen Bankrotterkl\u00e4rung. Die Regierung spricht vermutlich von \u201ealternativen Wahrheiten\u201c, oder wie man in Budapest sagt: Dienstag.<\/p>\n<p>Die gute Nachricht? Noch gibt es Zehntausende Menschen in Ungarn, die R\u00fcckgrat zeigen, demonstrieren und sich nicht mit leeren Phrasen abspeisen lassen. Die schlechte Nachricht? In Orbans Paralleluniversum ist so etwas vermutlich nur ein \u201ekoordiniertes Event westlicher Eliten mit Soros-Keks in der Mitte\u201c.<\/p>\n<p>Aber hey, wer braucht schon Aufkl\u00e4rung, wenn man ein sch\u00f6nes nationalistisches Liedchen auf dem Dudelsack spielen kann?<\/p>\n<p>Bleibt nur zu hoffen, dass man in Budapest bald aufwacht \u2013 bevor das Vertuschen endg\u00fcltig zum Volkssport wird. Wobei&#8230; da h\u00e4tte Orban dann ja endlich etwas, worauf er wirklich stolz sein kann.<\/p>\n","protected":false},"excerpt":{"rendered":"<p>Ach, Viktor Orban. Der Mann, der Meinungsfreiheit so sehr liebt, dass er sie am liebsten f\u00fcr sich behalten w\u00fcrde. Wie r\u00fchrend. Und jetzt das: Zehntausende Menschen demonstrieren in Ungarn \u2013 nicht etwa, weil das Wetter so sch\u00f6n ist, sondern weil die Regierung angeblich (Spoiler: total \u00fcberraschend!) einen Bericht \u00fcber Missbrauchsf\u00e4lle in staatlichen Kinderheimen vertuscht hat&#8230;.<\/p>\n","protected":false},"author":2,"featured_media":0,"comment_status":"","ping_status":"open","sticky":false,"template":"","format":"standard","meta":{"_kad_blocks_custom_css":"","_kad_blocks_head_custom_js":"","_kad_blocks_body_custom_js":"","_kad_blocks_footer_custom_js":"","_kad_post_transparent":"","_kad_post_title":"","_kad_post_layout":"","_kad_post_sidebar_id":"","_kad_post_content_style":"","_kad_post_vertical_padding":"","_kad_post_feature":"","_kad_post_feature_position":"","_kad_post_header":false,"_kad_post_footer":false,"footnotes":""},"categories":[3],"tags":[],"class_list":["post-909","post","type-post","status-publish","format-standard","hentry","category-news"],"taxonomy_info":{"category":[{"value":3,"label":"News"}]},"featured_image_src_large":false,"author_info":{"display_name":"blogger","author_link":"https:\/\/swen-mercer.com\/de\/author\/blogger\/"},"comment_info":0,"category_info":[{"term_id":3,"name":"News","slug":"news","term_group":0,"term_taxonomy_id":3,"taxonomy":"category","description":"","parent":0,"count":93,"filter":"raw","cat_ID":3,"category_count":93,"category_description":"","cat_name":"News","category_nicename":"news","category_parent":0}],"tag_info":false,"_links":{"self":[{"href":"https:\/\/swen-mercer.com\/de\/wp-json\/wp\/v2\/posts\/909","targetHints":{"allow":["GET"]}}],"collection":[{"href":"https:\/\/swen-mercer.com\/de\/wp-json\/wp\/v2\/posts"}],"about":[{"href":"https:\/\/swen-mercer.com\/de\/wp-json\/wp\/v2\/types\/post"}],"author":[{"embeddable":true,"href":"https:\/\/swen-mercer.com\/de\/wp-json\/wp\/v2\/users\/2"}],"replies":[{"embeddable":true,"href":"https:\/\/swen-mercer.com\/de\/wp-json\/wp\/v2\/comments?post=909"}],"version-history":[{"count":0,"href":"https:\/\/swen-mercer.com\/de\/wp-json\/wp\/v2\/posts\/909\/revisions"}],"wp:attachment":[{"href":"https:\/\/swen-mercer.com\/de\/wp-json\/wp\/v2\/media?parent=909"}],"wp:term":[{"taxonomy":"category","embeddable":true,"href":"https:\/\/swen-mercer.com\/de\/wp-json\/wp\/v2\/categories?post=909"},{"taxonomy":"post_tag","embeddable":true,"href":"https:\/\/swen-mercer.com\/de\/wp-json\/wp\/v2\/tags?post=909"}],"curies":[{"name":"wp","href":"https:\/\/api.w.org\/{rel}","templated":true}]}}