{"id":908,"date":"2025-12-12T11:00:23","date_gmt":"2025-12-12T11:00:23","guid":{"rendered":"https:\/\/swen-mercer.com\/de\/aus-vom-verbrenner-aus-was-wird-aus-webers-plan\/"},"modified":"2025-12-12T11:00:23","modified_gmt":"2025-12-12T11:00:23","slug":"aus-vom-verbrenner-aus-was-wird-aus-webers-plan","status":"publish","type":"post","link":"https:\/\/swen-mercer.com\/de\/aus-vom-verbrenner-aus-was-wird-aus-webers-plan\/","title":{"rendered":"Aus vom Verbrenner-Aus: Was wird aus Webers Plan?"},"content":{"rendered":"<p>Endlich! Die Menschheit hat es geschafft: Wir kehren zur\u00fcck in die Zukunft \u2013 mit dem Verbrennungsmotor als leuchtendem Relikt der Industrie-Romantik. Ja, richtig gelesen: Laut EVP-Chef Manfred Weber haben sich EU-Politiker nun doch auf ein \u201eNein zum Ja zum Nein zum Aus\u201c des Verbrenners geeinigt. Oder um es mit politischen Fachbegriffen zu sagen: Bitte werfen Sie Ihre Elektromobilit\u00e4t wieder zur\u00fcck in die Ladebucht und kehren Sie zum wohlig warmen Duft von Super Plus zur\u00fcck.<\/p>\n<p>Nat\u00fcrlich ist der Zeitpunkt dieses Meinungs-Loopings absoluter Zufall. Es hat definitiv nichts damit zu tun, dass demn\u00e4chst Wahlen anstehen, und Politiker pl\u00f6tzlich das Gef\u00fchl haben, W\u00e4hler mit nostalgischem Benzindunst \u00fcberzeugen zu k\u00f6nnen. Umwelt hin oder her \u2013 was z\u00e4hlt ist, dass Opa seinen Golf II nicht gegen einen leisen, sauberen, v\u00f6llig langweiligen E-Scooter eintauschen muss.<\/p>\n<p>Manfred Weber, der politische MacGyver der Verbrenner-Rettung, sieht darin nat\u00fcrlich eine historische Errungenschaft. Schlie\u00dflich kann man nicht einfach hundert Jahre Verbrennungsmotor einfach so abstellen, nur weil Wissenschaft, Klimamodelle und gesunder Menschenverstand das vorschlagen. Wo k\u00e4men wir da hin? Ins 21. Jahrhundert etwa?<\/p>\n<p>Und weil wir in Europa nat\u00fcrlich bekannt daf\u00fcr sind, konsequent zu handeln wie eine Katze auf Valium, bleibt die Frage: Kommt das Verbrenner-Verbot nun oder nicht? Antwort: Ja. Nein. Vielleicht. Kommt drauf an, wie die Koalitionsverhandlungen laufen, ob es regnet und ob Ursula von der Leyen morgens mit dem linken Fu\u00df aufsteht.<\/p>\n<p>Aber immerhin: Die Autolobby kann beruhigt schlafen, die Tankstellen-Brezel bleibt gesichert und deutsche Autobauer sind wieder ganz vorne mit dabei \u2013 im 20. Jahrhundert. W\u00e4hrend der Rest der Welt auf Elektro, Wasserstoff und Zukunft setzt, sagt Europa: \u201eHold my Diesel.\u201c<\/p>\n<p>Bleibt nur zu hoffen, dass die Kinder in 30 Jahren unsere Entscheidung verstehen werden. Vielleicht erkl\u00e4ren wir\u2019s ihnen ja bei einem Picknick auf dem Parkplatz \u2013 zwischen versunkenen K\u00fcstenst\u00e4dten und den letzten Eisb\u00e4ren auf Instagram.<\/p>\n","protected":false},"excerpt":{"rendered":"<p>Endlich! Die Menschheit hat es geschafft: Wir kehren zur\u00fcck in die Zukunft \u2013 mit dem Verbrennungsmotor als leuchtendem Relikt der Industrie-Romantik. Ja, richtig gelesen: Laut EVP-Chef Manfred Weber haben sich EU-Politiker nun doch auf ein \u201eNein zum Ja zum Nein zum Aus\u201c des Verbrenners geeinigt. Oder um es mit politischen Fachbegriffen zu sagen: Bitte werfen&#8230;<\/p>\n","protected":false},"author":2,"featured_media":0,"comment_status":"","ping_status":"open","sticky":false,"template":"","format":"standard","meta":{"_kad_blocks_custom_css":"","_kad_blocks_head_custom_js":"","_kad_blocks_body_custom_js":"","_kad_blocks_footer_custom_js":"","_kad_post_transparent":"","_kad_post_title":"","_kad_post_layout":"","_kad_post_sidebar_id":"","_kad_post_content_style":"","_kad_post_vertical_padding":"","_kad_post_feature":"","_kad_post_feature_position":"","_kad_post_header":false,"_kad_post_footer":false,"footnotes":""},"categories":[3],"tags":[],"class_list":["post-908","post","type-post","status-publish","format-standard","hentry","category-news"],"taxonomy_info":{"category":[{"value":3,"label":"News"}]},"featured_image_src_large":false,"author_info":{"display_name":"blogger","author_link":"https:\/\/swen-mercer.com\/de\/author\/blogger\/"},"comment_info":0,"category_info":[{"term_id":3,"name":"News","slug":"news","term_group":0,"term_taxonomy_id":3,"taxonomy":"category","description":"","parent":0,"count":93,"filter":"raw","cat_ID":3,"category_count":93,"category_description":"","cat_name":"News","category_nicename":"news","category_parent":0}],"tag_info":false,"_links":{"self":[{"href":"https:\/\/swen-mercer.com\/de\/wp-json\/wp\/v2\/posts\/908","targetHints":{"allow":["GET"]}}],"collection":[{"href":"https:\/\/swen-mercer.com\/de\/wp-json\/wp\/v2\/posts"}],"about":[{"href":"https:\/\/swen-mercer.com\/de\/wp-json\/wp\/v2\/types\/post"}],"author":[{"embeddable":true,"href":"https:\/\/swen-mercer.com\/de\/wp-json\/wp\/v2\/users\/2"}],"replies":[{"embeddable":true,"href":"https:\/\/swen-mercer.com\/de\/wp-json\/wp\/v2\/comments?post=908"}],"version-history":[{"count":0,"href":"https:\/\/swen-mercer.com\/de\/wp-json\/wp\/v2\/posts\/908\/revisions"}],"wp:attachment":[{"href":"https:\/\/swen-mercer.com\/de\/wp-json\/wp\/v2\/media?parent=908"}],"wp:term":[{"taxonomy":"category","embeddable":true,"href":"https:\/\/swen-mercer.com\/de\/wp-json\/wp\/v2\/categories?post=908"},{"taxonomy":"post_tag","embeddable":true,"href":"https:\/\/swen-mercer.com\/de\/wp-json\/wp\/v2\/tags?post=908"}],"curies":[{"name":"wp","href":"https:\/\/api.w.org\/{rel}","templated":true}]}}