{"id":907,"date":"2025-12-11T11:00:15","date_gmt":"2025-12-11T11:00:15","guid":{"rendered":"https:\/\/swen-mercer.com\/de\/nationalrat-stimmt-uber-kopftuchverbot-in-osterreich-ab\/"},"modified":"2025-12-11T11:00:15","modified_gmt":"2025-12-11T11:00:15","slug":"nationalrat-stimmt-uber-kopftuchverbot-in-osterreich-ab","status":"publish","type":"post","link":"https:\/\/swen-mercer.com\/de\/nationalrat-stimmt-uber-kopftuchverbot-in-osterreich-ab\/","title":{"rendered":"Nationalrat stimmt \u00fcber Kopftuchverbot in \u00d6sterreich ab"},"content":{"rendered":"<p>Na endlich sorgt der \u00f6sterreichische Nationalrat wieder f\u00fcr Ordnung \u2013 zumindest auf soziokulturell bedrohlichen Kinderk\u00f6pfen. Wer h\u00e4tte gedacht, dass das gr\u00f6\u00dfte Problem an \u00f6sterreichischen Schulen nicht etwa Lehrermangel, veraltete Lehrpl\u00e4ne oder die Tatsache ist, dass die WLAN-Verbindung zuverl\u00e4ssiger scheitert als Mathetests der 7b, sondern: das Kopftuch. Weil nichts bedroht die Bildungsnation mehr als ein St\u00fcck Stoff auf dem Kopf eines 13-j\u00e4hrigen M\u00e4dchens. Her mit dem Notfallgesetz!<\/p>\n<p>Nat\u00fcrlich geht es den Verfechtern des Verbots \u2013 laut eigenen Angaben \u2013 um die \u201eBefreiung\u201c des M\u00e4dchens. Mit Zwang. Denn nichts schreit so sehr nach Freiheit wie ein staatlich verordnetes Kleidungsverbot f\u00fcr Minderj\u00e4hrige. Dass man dabei die betroffenen Kinder gar nicht gefragt hat? Pfff, Details! Wahrscheinlich wollen M\u00e4dchen unter 14 sowieso am liebsten ihre Kleidungsfreiheit von \u00e4lteren Herren im Parlament erkl\u00e4rt bekommen.<\/p>\n<p>Erstaunlich auch, wie gezielt man sich um die Gleichberechtigung sorgt \u2013 aber nur, wenn die betroffenen M\u00e4dchen muslimisch sind. Frisurenpolizei exklusiv f\u00fcr eine Religion? Bravo. Das ist Diversit\u00e4t auf \u00f6sterreichisch: Alle d\u00fcrfen frei sein. Au\u00dfer nat\u00fcrlich, sie sehen anders aus, glauben anders oder \u2013 Gott bewahre \u2013 haben Eltern mit Migrationshintergrund.<\/p>\n<p>Und weil wir schon dabei sind: W\u00e4re es nicht gro\u00dfartig, wenn das Verbot auf alles ausgeweitet wird, was Kindern schaden k\u00f6nnte? Zum Beispiel Glitzer-T-Shirts mit \u201e#Princess\u201c drauf, die M\u00e4dchen sp\u00e4testens mit 12 nachhaltig besch\u00e4digen? Oder den Lehrfilm aus den 90ern, der Sexualkunde erkl\u00e4rt, als w\u00e4r\u2019s ein Biologie-Spezial \u00fcber Pandas? Und nat\u00fcrlich darf auch der Diktat-Freitag nicht vergessen werden \u2013 schlie\u00dflich ist das mindestens genauso traumatisierend wie ein Tuch auf dem Kopf!<\/p>\n<p>Aber zur\u00fcck zur Debatte. Wer jetzt Argumente wie &#8220;Religionsfreiheit&#8221; vorgaukelt oder gar auf die Verfassung verweist, hat offenbar das Memo verpasst: In \u00d6sterreich hat das nationale Bauchgef\u00fchl Verfassungsrang. Und wenn dieses Gef\u00fchl sagt \u201eUff, fremd\u201c, dann marschiert die Gesetzgebung eben im Takt.<\/p>\n<p>Fazit: Bravo, Nationalrat! Wieder mal gezeigt, wie man sich einem bedeutungsschwangeren Thema widmet, das mit M\u00fche und Not einen Promillewert tats\u00e4chlicher Probleme in der Bildungspolitik ausmacht. Was f\u00fcr ein Triumph \u00fcber Integration und Toleranz! Und das Ganze p\u00fcnktlich vor der Wahl \u2013 rein zuf\u00e4llig, versteht sich.<\/p>\n<p>Bleibt nur noch eine Frage: Wenn Kopft\u00fccher auf Sinne, Bildung und Gleichstellung so eine bedrohliche Wirkung haben \u2013 warum tragen nicht alle Politiker:innen bei Gesetzesbeschl\u00fcssen eins?<\/p>\n","protected":false},"excerpt":{"rendered":"<p>Na endlich sorgt der \u00f6sterreichische Nationalrat wieder f\u00fcr Ordnung \u2013 zumindest auf soziokulturell bedrohlichen Kinderk\u00f6pfen. Wer h\u00e4tte gedacht, dass das gr\u00f6\u00dfte Problem an \u00f6sterreichischen Schulen nicht etwa Lehrermangel, veraltete Lehrpl\u00e4ne oder die Tatsache ist, dass die WLAN-Verbindung zuverl\u00e4ssiger scheitert als Mathetests der 7b, sondern: das Kopftuch. Weil nichts bedroht die Bildungsnation mehr als ein St\u00fcck&#8230;<\/p>\n","protected":false},"author":2,"featured_media":0,"comment_status":"","ping_status":"open","sticky":false,"template":"","format":"standard","meta":{"_kad_blocks_custom_css":"","_kad_blocks_head_custom_js":"","_kad_blocks_body_custom_js":"","_kad_blocks_footer_custom_js":"","_kad_post_transparent":"","_kad_post_title":"","_kad_post_layout":"","_kad_post_sidebar_id":"","_kad_post_content_style":"","_kad_post_vertical_padding":"","_kad_post_feature":"","_kad_post_feature_position":"","_kad_post_header":false,"_kad_post_footer":false,"footnotes":""},"categories":[3],"tags":[],"class_list":["post-907","post","type-post","status-publish","format-standard","hentry","category-news"],"taxonomy_info":{"category":[{"value":3,"label":"News"}]},"featured_image_src_large":false,"author_info":{"display_name":"blogger","author_link":"https:\/\/swen-mercer.com\/de\/author\/blogger\/"},"comment_info":0,"category_info":[{"term_id":3,"name":"News","slug":"news","term_group":0,"term_taxonomy_id":3,"taxonomy":"category","description":"","parent":0,"count":93,"filter":"raw","cat_ID":3,"category_count":93,"category_description":"","cat_name":"News","category_nicename":"news","category_parent":0}],"tag_info":false,"_links":{"self":[{"href":"https:\/\/swen-mercer.com\/de\/wp-json\/wp\/v2\/posts\/907","targetHints":{"allow":["GET"]}}],"collection":[{"href":"https:\/\/swen-mercer.com\/de\/wp-json\/wp\/v2\/posts"}],"about":[{"href":"https:\/\/swen-mercer.com\/de\/wp-json\/wp\/v2\/types\/post"}],"author":[{"embeddable":true,"href":"https:\/\/swen-mercer.com\/de\/wp-json\/wp\/v2\/users\/2"}],"replies":[{"embeddable":true,"href":"https:\/\/swen-mercer.com\/de\/wp-json\/wp\/v2\/comments?post=907"}],"version-history":[{"count":0,"href":"https:\/\/swen-mercer.com\/de\/wp-json\/wp\/v2\/posts\/907\/revisions"}],"wp:attachment":[{"href":"https:\/\/swen-mercer.com\/de\/wp-json\/wp\/v2\/media?parent=907"}],"wp:term":[{"taxonomy":"category","embeddable":true,"href":"https:\/\/swen-mercer.com\/de\/wp-json\/wp\/v2\/categories?post=907"},{"taxonomy":"post_tag","embeddable":true,"href":"https:\/\/swen-mercer.com\/de\/wp-json\/wp\/v2\/tags?post=907"}],"curies":[{"name":"wp","href":"https:\/\/api.w.org\/{rel}","templated":true}]}}