{"id":906,"date":"2025-12-10T11:00:13","date_gmt":"2025-12-10T11:00:13","guid":{"rendered":"https:\/\/swen-mercer.com\/de\/eu-einigung-auf-klimaschutzziel-fur-2040\/"},"modified":"2025-12-10T11:00:13","modified_gmt":"2025-12-10T11:00:13","slug":"eu-einigung-auf-klimaschutzziel-fur-2040","status":"publish","type":"post","link":"https:\/\/swen-mercer.com\/de\/eu-einigung-auf-klimaschutzziel-fur-2040\/","title":{"rendered":"EU-Einigung auf Klimaschutzziel f\u00fcr 2040"},"content":{"rendered":"<p>Gro\u00dfer Applaus und bitte einmal Standing Ovations f\u00fcr die Europ\u00e4ische Union! Sie hat es tats\u00e4chlich geschafft \u2013 wir haben jetzt ein neues fantastisches Klimaziel f\u00fcr das Jahr 2040. Ja, richtig geh\u00f6rt. 2040! Also in nur knackigen 16 Jahren \u2013 oder, wenn Sie Politiker sind, ungef\u00e4hr zwei Legislaturperioden mit Pause dazwischen f\u00fcr Sommerurlaube, Sondierungsgespr\u00e4che und Parteitage, bei denen alle versprechen, dass jetzt aber wirklich ganz bestimmt alles besser wird.<\/p>\n<p>Das Ziel ist so simpel wie ambitioniert: Bis 2040 sollen 90 Prozent weniger Treibhausgase ausgesto\u00dfen werden im Vergleich zu 1990. Und 1990 \u2013 das war die Zeit, in der Telefone noch W\u00e4hlscheiben hatten und Kohl noch Kanzler war (Helmut, nicht Gem\u00fcse). Was f\u00fcr ein kluger Bezugspunkt! Schlie\u00dflich war ab 1990 wirklich alles bestens f\u00fcr das Klima: die Cars waren fast aus Reibungshitze gebaut und die AKW liefen wie geschnitten Brot. Wer h\u00e4tte gedacht, dass wir irgendwann zur\u00fcckwollen?<\/p>\n<p>Aber ganz ruhig, Panik ist nicht n\u00f6tig \u2013 und handeln auch nicht gleich. Der CO2-Preis f\u00fcr Heizen und Tanken, der urspr\u00fcnglich geplant war, wird erstmal verschoben. Schlie\u00dflich wollen wir niemandem zumuten, im Februar nicht mehr 27 Grad im Wohnzimmer zu haben oder \u2013 Gott bewahre \u2013 mal das Auto stehen zu lassen. Klimaschutz ja, aber bitte nicht heute, nicht hier, nicht ich.<\/p>\n<p>Und \u00fcberhaupt: Warum sofort konsequent durchgreifen, wenn man doch auch einfach Ziele setzen kann, die weit in der Zukunft liegen, so dass sie sp\u00e4ter ganz bequem von jemand anderem nicht eingehalten werden m\u00fcssen? Das ist wie ein Fitnessplan mit dem Ziel \u201eBikinifigur 2040\u201c. Klingt ambitioniert, aber locker machbar \u2013 wenn man bedenkt, dass bis dahin eh der Meeresspiegel so hoch ist, dass wir Bikinis nur noch in historischen Museen sehen.<\/p>\n<p>Aber keine Sorge, liebe Klimafans \u2013 es gibt Hoffnung! Denn die Emissionen der EU sinken ja sowieso schon, unter anderem, weil unsere industrielle Basis auf manchen Ebenen schneller schmilzt als die Arktis. Auch praktisch. Und mit bisschen Gl\u00fcck sind bis 2040 gen\u00fcgend Gletscher abgeschmolzen, dass sich das Problem irgendwie selbst erledigt. Und wenn nicht, k\u00f6nnen wir ja einfach das n\u00e4chste ehrgeizige Ziel f\u00fcr 2060 setzen. Oder 2080. Wer z\u00e4hlt schon mit?<\/p>\n<p>In diesem Sinne: Weiter so, Europa! Nur nicht hetzen mit dem Retten des Planeten. Schlie\u00dflich hat auch Rom nicht an einem Tag aufgeh\u00f6rt, seinen CO2-Fu\u00dfabdruck zu verursachen.<\/p>\n","protected":false},"excerpt":{"rendered":"<p>Gro\u00dfer Applaus und bitte einmal Standing Ovations f\u00fcr die Europ\u00e4ische Union! Sie hat es tats\u00e4chlich geschafft \u2013 wir haben jetzt ein neues fantastisches Klimaziel f\u00fcr das Jahr 2040. Ja, richtig geh\u00f6rt. 2040! Also in nur knackigen 16 Jahren \u2013 oder, wenn Sie Politiker sind, ungef\u00e4hr zwei Legislaturperioden mit Pause dazwischen f\u00fcr Sommerurlaube, Sondierungsgespr\u00e4che und Parteitage,&#8230;<\/p>\n","protected":false},"author":2,"featured_media":0,"comment_status":"","ping_status":"open","sticky":false,"template":"","format":"standard","meta":{"_kad_blocks_custom_css":"","_kad_blocks_head_custom_js":"","_kad_blocks_body_custom_js":"","_kad_blocks_footer_custom_js":"","_kad_post_transparent":"","_kad_post_title":"","_kad_post_layout":"","_kad_post_sidebar_id":"","_kad_post_content_style":"","_kad_post_vertical_padding":"","_kad_post_feature":"","_kad_post_feature_position":"","_kad_post_header":false,"_kad_post_footer":false,"footnotes":""},"categories":[3],"tags":[],"class_list":["post-906","post","type-post","status-publish","format-standard","hentry","category-news"],"taxonomy_info":{"category":[{"value":3,"label":"News"}]},"featured_image_src_large":false,"author_info":{"display_name":"blogger","author_link":"https:\/\/swen-mercer.com\/de\/author\/blogger\/"},"comment_info":0,"category_info":[{"term_id":3,"name":"News","slug":"news","term_group":0,"term_taxonomy_id":3,"taxonomy":"category","description":"","parent":0,"count":93,"filter":"raw","cat_ID":3,"category_count":93,"category_description":"","cat_name":"News","category_nicename":"news","category_parent":0}],"tag_info":false,"_links":{"self":[{"href":"https:\/\/swen-mercer.com\/de\/wp-json\/wp\/v2\/posts\/906","targetHints":{"allow":["GET"]}}],"collection":[{"href":"https:\/\/swen-mercer.com\/de\/wp-json\/wp\/v2\/posts"}],"about":[{"href":"https:\/\/swen-mercer.com\/de\/wp-json\/wp\/v2\/types\/post"}],"author":[{"embeddable":true,"href":"https:\/\/swen-mercer.com\/de\/wp-json\/wp\/v2\/users\/2"}],"replies":[{"embeddable":true,"href":"https:\/\/swen-mercer.com\/de\/wp-json\/wp\/v2\/comments?post=906"}],"version-history":[{"count":0,"href":"https:\/\/swen-mercer.com\/de\/wp-json\/wp\/v2\/posts\/906\/revisions"}],"wp:attachment":[{"href":"https:\/\/swen-mercer.com\/de\/wp-json\/wp\/v2\/media?parent=906"}],"wp:term":[{"taxonomy":"category","embeddable":true,"href":"https:\/\/swen-mercer.com\/de\/wp-json\/wp\/v2\/categories?post=906"},{"taxonomy":"post_tag","embeddable":true,"href":"https:\/\/swen-mercer.com\/de\/wp-json\/wp\/v2\/tags?post=906"}],"curies":[{"name":"wp","href":"https:\/\/api.w.org\/{rel}","templated":true}]}}