{"id":904,"date":"2025-12-08T11:00:13","date_gmt":"2025-12-08T11:00:13","guid":{"rendered":"https:\/\/swen-mercer.com\/de\/tiktok-in-frankreich-die-politik-erhoht-den-druck\/"},"modified":"2025-12-08T11:00:13","modified_gmt":"2025-12-08T11:00:13","slug":"tiktok-in-frankreich-die-politik-erhoht-den-druck","status":"publish","type":"post","link":"https:\/\/swen-mercer.com\/de\/tiktok-in-frankreich-die-politik-erhoht-den-druck\/","title":{"rendered":"TikTok in Frankreich: Die Politik erh\u00f6ht den Druck"},"content":{"rendered":"<p>Frankreich hat genug. Genug von Croissants ohne Butter, genug vom Wetter, das sich nicht entscheiden kann \u2013 und vor allem: genug von TikTok. Jawohl, TikTok. Diese verhei\u00dfungsvolle Plattform, auf der junge Menschen t\u00e4glich ihren IQ gegen Likes eintauschen, wird jetzt in Frankreich unter die Lupe genommen. Ein Untersuchungsausschuss der Nationalversammlung hat herausgefunden, dass die App m\u00f6glicherweise \u2013 haltet euch fest \u2013 &#8220;zerst\u00f6rerisch&#8221; f\u00fcr Jugendliche ist. Ach was! Und ich dachte, stundenlanges Scrollen durch Tanz-Challenges und Lippen-Synchronisierungen zu Justin Bieber mache die Jugend nur sozialkompetenter.<\/p>\n<p>Das franz\u00f6sische Parlament diskutiert nun ernsthaft \u00fcber ein Verbot f\u00fcr unter 15-J\u00e4hrige. Weil, na klar, Franzosen mit 14 sollen lieber Baudelaire rezitierend auf dem Baguette balancieren statt sich in Hashtag-Challenges zu verlieren. Priorit\u00e4ten setzen \u2013 tr\u00e8s bien.<\/p>\n<p>Nat\u00fcrlich ist TikTok allein schuld an allen Herausforderungen der Jugend. Schlechte Schulnoten? TikTok. Mangelnde Konzentration? TikTok. Der Fakt, dass die eigene Teenager-Tochter versucht hat, ihre Katze als Influencerin aufzubauen? TikTok, mon dieu! Niemand k\u00e4me auf die absurde Idee, dass Erziehung oder Medienkompetenz vielleicht auch wichtig w\u00e4ren. Wozu auch, wenn man doch einfach Dinge verbieten kann?<\/p>\n<p>Amnesty International bringt derweil ihre Meinung auf ganz subtile Weise zum Ausdruck \u2013 mit einer k\u00fcnstlerischen Installation namens \u201eKid Tok Shop\u201c. In Paris. Auf dem Place de l&#8217;Op\u00e9ra. Weil nichts &#8220;ernsthafte gesellschaftliche Diskussion&#8221; besser schreit als \u00fcberdimensionale Kunstinstallationen, die aussehen, als w\u00fcrden sie gleich einen TikTok-Tanzflash abfeuern.<\/p>\n<p>Aber hey, immerhin ist Frankreich entschlossen. Wenn schon franz\u00f6sische Jugendliche keine Wohnung finden, keinen Job haben und in einem Bildungssystem stecken, das bei jedem Lehrerstreik zusammenklappt \u2013 immerhin sind sie bald TikTok-frei. Und das, meine lieben Leute, nennt man politische Weitsicht. Oder einfach: Wenn man keinen Plan hat, einfach mal die App schlie\u00dfen. Voil\u00e0.<\/p>\n","protected":false},"excerpt":{"rendered":"<p>Frankreich hat genug. Genug von Croissants ohne Butter, genug vom Wetter, das sich nicht entscheiden kann \u2013 und vor allem: genug von TikTok. Jawohl, TikTok. Diese verhei\u00dfungsvolle Plattform, auf der junge Menschen t\u00e4glich ihren IQ gegen Likes eintauschen, wird jetzt in Frankreich unter die Lupe genommen. Ein Untersuchungsausschuss der Nationalversammlung hat herausgefunden, dass die App&#8230;<\/p>\n","protected":false},"author":2,"featured_media":0,"comment_status":"","ping_status":"open","sticky":false,"template":"","format":"standard","meta":{"_kad_blocks_custom_css":"","_kad_blocks_head_custom_js":"","_kad_blocks_body_custom_js":"","_kad_blocks_footer_custom_js":"","_kad_post_transparent":"","_kad_post_title":"","_kad_post_layout":"","_kad_post_sidebar_id":"","_kad_post_content_style":"","_kad_post_vertical_padding":"","_kad_post_feature":"","_kad_post_feature_position":"","_kad_post_header":false,"_kad_post_footer":false,"footnotes":""},"categories":[3],"tags":[],"class_list":["post-904","post","type-post","status-publish","format-standard","hentry","category-news"],"taxonomy_info":{"category":[{"value":3,"label":"News"}]},"featured_image_src_large":false,"author_info":{"display_name":"blogger","author_link":"https:\/\/swen-mercer.com\/de\/author\/blogger\/"},"comment_info":0,"category_info":[{"term_id":3,"name":"News","slug":"news","term_group":0,"term_taxonomy_id":3,"taxonomy":"category","description":"","parent":0,"count":93,"filter":"raw","cat_ID":3,"category_count":93,"category_description":"","cat_name":"News","category_nicename":"news","category_parent":0}],"tag_info":false,"_links":{"self":[{"href":"https:\/\/swen-mercer.com\/de\/wp-json\/wp\/v2\/posts\/904","targetHints":{"allow":["GET"]}}],"collection":[{"href":"https:\/\/swen-mercer.com\/de\/wp-json\/wp\/v2\/posts"}],"about":[{"href":"https:\/\/swen-mercer.com\/de\/wp-json\/wp\/v2\/types\/post"}],"author":[{"embeddable":true,"href":"https:\/\/swen-mercer.com\/de\/wp-json\/wp\/v2\/users\/2"}],"replies":[{"embeddable":true,"href":"https:\/\/swen-mercer.com\/de\/wp-json\/wp\/v2\/comments?post=904"}],"version-history":[{"count":0,"href":"https:\/\/swen-mercer.com\/de\/wp-json\/wp\/v2\/posts\/904\/revisions"}],"wp:attachment":[{"href":"https:\/\/swen-mercer.com\/de\/wp-json\/wp\/v2\/media?parent=904"}],"wp:term":[{"taxonomy":"category","embeddable":true,"href":"https:\/\/swen-mercer.com\/de\/wp-json\/wp\/v2\/categories?post=904"},{"taxonomy":"post_tag","embeddable":true,"href":"https:\/\/swen-mercer.com\/de\/wp-json\/wp\/v2\/tags?post=904"}],"curies":[{"name":"wp","href":"https:\/\/api.w.org\/{rel}","templated":true}]}}