{"id":897,"date":"2025-12-01T11:00:08","date_gmt":"2025-12-01T11:00:08","guid":{"rendered":"https:\/\/swen-mercer.com\/de\/deutsch-polnische-regierungskonsultationen-in-schwierigen-zeiten\/"},"modified":"2025-12-01T11:00:08","modified_gmt":"2025-12-01T11:00:08","slug":"deutsch-polnische-regierungskonsultationen-in-schwierigen-zeiten","status":"publish","type":"post","link":"https:\/\/swen-mercer.com\/de\/deutsch-polnische-regierungskonsultationen-in-schwierigen-zeiten\/","title":{"rendered":"Deutsch-polnische Regierungskonsultationen in schwierigen Zeiten"},"content":{"rendered":"<p>Ach, wie herzerw\u00e4rmend: Deutschland und Polen treffen sich mal wieder zu Regierungskonsultationen \u2013 also dieses gem\u00fctliche diplomatische Speed-Dating, bei dem man sich gegenseitig h\u00f6flich anschweigt und anschlie\u00dfend in getrennten Pressekonferenzen beteuert, wie wunderbar alles l\u00e4uft. Spoiler: L\u00e4uft nat\u00fcrlich gar nichts.<\/p>\n<p>Denn, liebe Leute, was k\u00f6nnte in diesen rosigen Zeiten auch sch\u00f6ner sein als bilaterale Gespr\u00e4che zwischen zwei L\u00e4ndern, deren Beziehung so geschmeidig l\u00e4uft wie ein Sack N\u00e4gel in einem Betonmischer?<\/p>\n<p>Auf der einen Seite: Deutschland \u2013 der stets belehrende Nachbar mit dem Reflex, sich bei jedem Thema entweder moralisch \u00fcberlegen oder unzust\u00e4ndig zu f\u00fchlen. Auf der anderen Seite: Polen \u2013 der EU-Mitgliedstaat mit dem rebellischen Teenager-Charme von \u201eLass mich in Ruhe, aber gib mir dein Geld!\u201c<\/p>\n<p>Und jetzt also Gespr\u00e4che. Genau das, was man tut, wenn man keine Ahnung hat, wie man ein Problem l\u00f6st, aber wenigstens gut darin ist, gemeinsam Kaffee zu trinken. Friedrich Merz trifft Donald Tusk: Ein empathisches Kraftpaket trifft auf den Mann, der immerhin wei\u00df, wie man halbwegs ernst guckt, w\u00e4hrend er innere Panik empfindet.<\/p>\n<p>Nat\u00fcrlich dreht sich alles um schwierige Themen: Grenzschutz, Migration, Rechtsstaatlichkeit, und \u2013 ganz wichtig \u2013 wer sich diesmal beim H\u00e4ndesch\u00fctteln zuerst entschuldigt, dass man \u00fcberhaupt existiert. Deutschland hofft auf Harmonie, Polen auf Kontrolle, und \u00fcberhaupt hoffen alle, dass niemand ein Mikrophon in Griffweite hat, w\u00e4hrend die wahren Meinungen ausgetauscht werden.<\/p>\n<p>Und als ob es nicht schon kompliziert genug w\u00e4re, h\u00e4ngen historische Altlasten wie bleierne Nebelschwaden \u00fcber dem diplomatischen Buffet. Reparationsforderungen? Selbstverst\u00e4ndlich wieder Thema, weil nichts den Fortschritt so gut befl\u00fcgelt wie die st\u00e4ndige Erinnerung daran, wer vor 80 Jahren wem was kaputt gemacht hat.<\/p>\n<p>Aber hey \u2013 wenigstens sitzen sie zusammen. Das ist doch schon mal was. Denn nichts sagt \u201eBeziehungsarbeit\u201c so sehr wie eine stundenlange Sitzung, in der man sich mit Phrasen bewirft wie: \u201eWir sch\u00e4tzen die Bedeutung unserer Zusammenarbeit in diesen herausfordernden Zeiten\u201c, was \u00fcbersetzt etwa hei\u00dft: \u201eWir haben keine Ahnung, was der andere eigentlich von uns will.\u201c<\/p>\n<p>Am Ende des Tages wird es einen Abschlussbericht geben, in dem das Wort \u201evertrauensvoll\u201c mindestens zehnmal vorkommt. Und dann fliegt man fr\u00f6hlich wieder auseinander. Bis zum n\u00e4chsten Mal, wenn man erneut \u00fcberrascht feststellt, dass es eben doch nicht reicht, nur gemeinsam EU-Mitglied zu sein \u2013 man m\u00fcsste sich auch irgendwie m\u00f6gen.<\/p>\n<p>Aber na ja: Solange es genug Fingerfood bei den Konsultationen gibt, ist wenigstens niemand emotional unterversorgt. Diplomatie: Jetzt auch mit K\u00e4seh\u00e4ppchen.<\/p>\n","protected":false},"excerpt":{"rendered":"<p>Ach, wie herzerw\u00e4rmend: Deutschland und Polen treffen sich mal wieder zu Regierungskonsultationen \u2013 also dieses gem\u00fctliche diplomatische Speed-Dating, bei dem man sich gegenseitig h\u00f6flich anschweigt und anschlie\u00dfend in getrennten Pressekonferenzen beteuert, wie wunderbar alles l\u00e4uft. Spoiler: L\u00e4uft nat\u00fcrlich gar nichts. Denn, liebe Leute, was k\u00f6nnte in diesen rosigen Zeiten auch sch\u00f6ner sein als bilaterale Gespr\u00e4che&#8230;<\/p>\n","protected":false},"author":2,"featured_media":0,"comment_status":"","ping_status":"open","sticky":false,"template":"","format":"standard","meta":{"_kad_blocks_custom_css":"","_kad_blocks_head_custom_js":"","_kad_blocks_body_custom_js":"","_kad_blocks_footer_custom_js":"","_kad_post_transparent":"","_kad_post_title":"","_kad_post_layout":"","_kad_post_sidebar_id":"","_kad_post_content_style":"","_kad_post_vertical_padding":"","_kad_post_feature":"","_kad_post_feature_position":"","_kad_post_header":false,"_kad_post_footer":false,"footnotes":""},"categories":[3],"tags":[],"class_list":["post-897","post","type-post","status-publish","format-standard","hentry","category-news"],"taxonomy_info":{"category":[{"value":3,"label":"News"}]},"featured_image_src_large":false,"author_info":{"display_name":"blogger","author_link":"https:\/\/swen-mercer.com\/de\/author\/blogger\/"},"comment_info":0,"category_info":[{"term_id":3,"name":"News","slug":"news","term_group":0,"term_taxonomy_id":3,"taxonomy":"category","description":"","parent":0,"count":93,"filter":"raw","cat_ID":3,"category_count":93,"category_description":"","cat_name":"News","category_nicename":"news","category_parent":0}],"tag_info":false,"_links":{"self":[{"href":"https:\/\/swen-mercer.com\/de\/wp-json\/wp\/v2\/posts\/897","targetHints":{"allow":["GET"]}}],"collection":[{"href":"https:\/\/swen-mercer.com\/de\/wp-json\/wp\/v2\/posts"}],"about":[{"href":"https:\/\/swen-mercer.com\/de\/wp-json\/wp\/v2\/types\/post"}],"author":[{"embeddable":true,"href":"https:\/\/swen-mercer.com\/de\/wp-json\/wp\/v2\/users\/2"}],"replies":[{"embeddable":true,"href":"https:\/\/swen-mercer.com\/de\/wp-json\/wp\/v2\/comments?post=897"}],"version-history":[{"count":0,"href":"https:\/\/swen-mercer.com\/de\/wp-json\/wp\/v2\/posts\/897\/revisions"}],"wp:attachment":[{"href":"https:\/\/swen-mercer.com\/de\/wp-json\/wp\/v2\/media?parent=897"}],"wp:term":[{"taxonomy":"category","embeddable":true,"href":"https:\/\/swen-mercer.com\/de\/wp-json\/wp\/v2\/categories?post=897"},{"taxonomy":"post_tag","embeddable":true,"href":"https:\/\/swen-mercer.com\/de\/wp-json\/wp\/v2\/tags?post=897"}],"curies":[{"name":"wp","href":"https:\/\/api.w.org\/{rel}","templated":true}]}}