{"id":890,"date":"2025-11-25T11:00:06","date_gmt":"2025-11-25T11:00:06","guid":{"rendered":"https:\/\/swen-mercer.com\/de\/suwalki-in-polen-leben-an-der-achillesferse-der-nato\/"},"modified":"2025-11-25T11:00:06","modified_gmt":"2025-11-25T11:00:06","slug":"suwalki-in-polen-leben-an-der-achillesferse-der-nato","status":"publish","type":"post","link":"https:\/\/swen-mercer.com\/de\/suwalki-in-polen-leben-an-der-achillesferse-der-nato\/","title":{"rendered":"Suwalki in Polen: Leben an der Achillesferse der NATO"},"content":{"rendered":"<p>Ach die Suwa\u0142ki-L\u00fccke \u2013 oder wie man sie hier vor Ort liebevoll nennt: &#8220;unser eigener geopolitischer Horrorstreifen mit Panoramablick&#8221;. W\u00e4hrend Sicherheitsexperten in schicken Anz\u00fcgen omin\u00f6s von \u201eAchillesferse der NATO\u201c sprechen, sitzen die Einwohner von Suwa\u0142ki mit ihrem Kaffee vor dem Fernseher und denken sich vermutlich: \u201eAch, schon wieder Dienstag.\u201c<\/p>\n<p>Die Gegend zwischen Polen und Litauen ist laut NATO ungef\u00e4hr so strategisch wichtig wie das letzte verbliebene St\u00fcck Toilettenpapier w\u00e4hrend einer Pandemie \u2013 und genauso gef\u00e4hrdet. Ein schmaler Streifen Land, flankiert links von dem gem\u00fctlichen Belarus (aka Russlands treuer Beifahrer) und rechts von Kaliningrad, der russischen Exklave mit freundlicher Artillerie-Ausstattung f\u00fcr den kleinen Hunger zwischendurch.<\/p>\n<p>Man k\u00f6nnte meinen, dass die Menschen in Suwa\u0142ki in st\u00e4ndiger Panik leben \u2013 bereit, mit Klappspaten und Omas Einmachgl\u00e4sern gegen Panzerhorden anzutreten. Denkste. Die Realit\u00e4t? Der gr\u00f6\u00dfte Aufreger der Woche ist, wenn der Biedronka-Supermarkt sonntags geschlossen bleibt. W\u00e4hrend in Br\u00fcssel Krisensitzungen abgehalten werden, ob man die Suwa\u0142ki-L\u00fccke mit noch mehr Panzern oder doch lieber mit diplomatischem Weihwasser sichert, geht\u2019s in Suwa\u0142ki eher darum, ob der neue Kreisverkehr endlich fertig wird.<\/p>\n<p>Und das ist vermutlich auch besser so. Denn wer will schon in permanenter Weltuntergangsstimmung leben, nur weil einige Kilometer des Wohnorts an einer \u201epotenziellen Invasionsroute\u201c liegen? Suwa\u0142kis Devise scheint zu sein: Wenn schon Achillesferse, dann wenigstens mit Blick auf den See, Wurst vom Grill und guter Laune.<\/p>\n<p>Vielleicht lautet der wahre Verteidigungsplan der NATO ja: Einfach so tun, als w\u00e4re nichts. Das scheint in Suwa\u0142ki jedenfalls hervorragend zu funktionieren. Und falls doch was passiert \u2013 naja, ein bisschen Drama hat der Ort dann wenigstens endlich mal f\u00fcr den Wikipedia-Eintrag.<\/p>\n<p>Bleibt nur eine Frage offen: Sch\u00fctzen uns die NATO-Truppen, oder kommen sie nur, um beim Dorffest W\u00fcrstchen zu essen? Man wei\u00df es nicht. Aber hey \u2013 wer braucht schon Sicherheit, wenn man Gelassenheit hat?<\/p>\n","protected":false},"excerpt":{"rendered":"<p>Ach die Suwa\u0142ki-L\u00fccke \u2013 oder wie man sie hier vor Ort liebevoll nennt: &#8220;unser eigener geopolitischer Horrorstreifen mit Panoramablick&#8221;. W\u00e4hrend Sicherheitsexperten in schicken Anz\u00fcgen omin\u00f6s von \u201eAchillesferse der NATO\u201c sprechen, sitzen die Einwohner von Suwa\u0142ki mit ihrem Kaffee vor dem Fernseher und denken sich vermutlich: \u201eAch, schon wieder Dienstag.\u201c Die Gegend zwischen Polen und Litauen&#8230;<\/p>\n","protected":false},"author":2,"featured_media":0,"comment_status":"","ping_status":"open","sticky":false,"template":"","format":"standard","meta":{"_kad_blocks_custom_css":"","_kad_blocks_head_custom_js":"","_kad_blocks_body_custom_js":"","_kad_blocks_footer_custom_js":"","_kad_post_transparent":"","_kad_post_title":"","_kad_post_layout":"","_kad_post_sidebar_id":"","_kad_post_content_style":"","_kad_post_vertical_padding":"","_kad_post_feature":"","_kad_post_feature_position":"","_kad_post_header":false,"_kad_post_footer":false,"footnotes":""},"categories":[3],"tags":[],"class_list":["post-890","post","type-post","status-publish","format-standard","hentry","category-news"],"taxonomy_info":{"category":[{"value":3,"label":"News"}]},"featured_image_src_large":false,"author_info":{"display_name":"blogger","author_link":"https:\/\/swen-mercer.com\/de\/author\/blogger\/"},"comment_info":0,"category_info":[{"term_id":3,"name":"News","slug":"news","term_group":0,"term_taxonomy_id":3,"taxonomy":"category","description":"","parent":0,"count":93,"filter":"raw","cat_ID":3,"category_count":93,"category_description":"","cat_name":"News","category_nicename":"news","category_parent":0}],"tag_info":false,"_links":{"self":[{"href":"https:\/\/swen-mercer.com\/de\/wp-json\/wp\/v2\/posts\/890","targetHints":{"allow":["GET"]}}],"collection":[{"href":"https:\/\/swen-mercer.com\/de\/wp-json\/wp\/v2\/posts"}],"about":[{"href":"https:\/\/swen-mercer.com\/de\/wp-json\/wp\/v2\/types\/post"}],"author":[{"embeddable":true,"href":"https:\/\/swen-mercer.com\/de\/wp-json\/wp\/v2\/users\/2"}],"replies":[{"embeddable":true,"href":"https:\/\/swen-mercer.com\/de\/wp-json\/wp\/v2\/comments?post=890"}],"version-history":[{"count":0,"href":"https:\/\/swen-mercer.com\/de\/wp-json\/wp\/v2\/posts\/890\/revisions"}],"wp:attachment":[{"href":"https:\/\/swen-mercer.com\/de\/wp-json\/wp\/v2\/media?parent=890"}],"wp:term":[{"taxonomy":"category","embeddable":true,"href":"https:\/\/swen-mercer.com\/de\/wp-json\/wp\/v2\/categories?post=890"},{"taxonomy":"post_tag","embeddable":true,"href":"https:\/\/swen-mercer.com\/de\/wp-json\/wp\/v2\/tags?post=890"}],"curies":[{"name":"wp","href":"https:\/\/api.w.org\/{rel}","templated":true}]}}