{"id":880,"date":"2025-11-23T11:00:07","date_gmt":"2025-11-23T11:00:07","guid":{"rendered":"https:\/\/swen-mercer.com\/de\/kahlschlag-in-schweden-hunger-nach-holz-bedroht-naturwalder\/"},"modified":"2025-11-23T11:00:07","modified_gmt":"2025-11-23T11:00:07","slug":"kahlschlag-in-schweden-hunger-nach-holz-bedroht-naturwalder","status":"publish","type":"post","link":"https:\/\/swen-mercer.com\/de\/kahlschlag-in-schweden-hunger-nach-holz-bedroht-naturwalder\/","title":{"rendered":"Kahlschlag in Schweden: Hunger nach Holz bedroht Naturw\u00e4lder"},"content":{"rendered":"<p>Nat\u00fcrlich, was k\u00f6nnte nachhaltiger sein, als jedes Jahr einen ganzen Staat abzuholzen \u2013 pardon, ich meinte nat\u00fcrlich eine \u201enachhaltig bewirtschaftete\u201c Fl\u00e4che in der Gr\u00f6\u00dfe Luxemburgs? Schweden, dieses IKEA-Land der Elche, Seen und Pappschachteln in Form von M\u00f6beln, liefert uns nun ein weiteres skandinavisches Meisterwerk: das Verschwinden seiner Naturw\u00e4lder im Namen der \u201eForstwirtschaft\u201c.<\/p>\n<p>Wald ist ja bekanntlich wie Haare \u2013 w\u00e4chst schon wieder nach, oder? Also warum nicht gleich wild drauflos rasieren! 250.000 Hektar j\u00e4hrlich? Ein Klacks. Wer braucht schon moosbedeckte M\u00e4rchenw\u00e4lder, wenn man sie alle 20 Jahre durch eine Streichholzplantage aus Fichtenklonen ersetzen kann? Das nennt sich dann Biodiversit\u00e4t \u00e0 la PowerPoint-Pr\u00e4sentation.<\/p>\n<p>Nat\u00fcrlich sind es nicht etwa jahrhundertealte B\u00e4ume oder gef\u00e4hrdete Arten, die in diesen Naturw\u00e4ldern leben. Nein, es sind offensichtlich faule Holzsteher, die es wagen, CO\u2082 zu speichern und unproduktiven Tieren Unterschlupf zu gew\u00e4hren! Pfui! Ein ordentlicher Wald wird gef\u00e4lligst wie ein Parkplatz behandelt: eben, ordentlich und ohne Wildwuchs! Alles andere ist F\u00f6rsterei-Kommunismus.<\/p>\n<p>Die gute Nachricht: Der Hunger nach Holz wird gestillt. Schlie\u00dflich braucht der moderne Mensch seine 12-seitigen Bedienungsanleitungen f\u00fcr batteriebetriebene Duftkerzen und extra-knarrende Schwedenregale. Daf\u00fcr darf ruhig mal ein bisschen Natur ins S\u00e4gemehl wandern, nicht wahr?<\/p>\n<p>Und wer sich sorgt: Keine Panik! Die Industrie hat alles im Griff. Nachhaltigkeit wird hier ganz gro\u00df geschrieben \u2013 meistens irgendwo unten links auf der R\u00fcckseite der Verpackung in Schriftgr\u00f6\u00dfe 6. Mit einem h\u00fcbschen gr\u00fcnen Blatt daneben. Echtes Naturfeeling, ganz ohne l\u00e4stige Natur.<\/p>\n<p>Also liebe Schweden, falls ihr euch fragt, wo euer Wald geblieben ist: Vielleicht checkt mal bei Amazon. Mit etwas Gl\u00fcck kommt er bald als Lieferung mit Prime. In Einzelteilen. Zum Selbstaufbau.<\/p>\n","protected":false},"excerpt":{"rendered":"<p>Nat\u00fcrlich, was k\u00f6nnte nachhaltiger sein, als jedes Jahr einen ganzen Staat abzuholzen \u2013 pardon, ich meinte nat\u00fcrlich eine \u201enachhaltig bewirtschaftete\u201c Fl\u00e4che in der Gr\u00f6\u00dfe Luxemburgs? Schweden, dieses IKEA-Land der Elche, Seen und Pappschachteln in Form von M\u00f6beln, liefert uns nun ein weiteres skandinavisches Meisterwerk: das Verschwinden seiner Naturw\u00e4lder im Namen der \u201eForstwirtschaft\u201c. Wald ist ja&#8230;<\/p>\n","protected":false},"author":2,"featured_media":0,"comment_status":"","ping_status":"open","sticky":false,"template":"","format":"standard","meta":{"_kad_blocks_custom_css":"","_kad_blocks_head_custom_js":"","_kad_blocks_body_custom_js":"","_kad_blocks_footer_custom_js":"","_kad_post_transparent":"","_kad_post_title":"","_kad_post_layout":"","_kad_post_sidebar_id":"","_kad_post_content_style":"","_kad_post_vertical_padding":"","_kad_post_feature":"","_kad_post_feature_position":"","_kad_post_header":false,"_kad_post_footer":false,"footnotes":""},"categories":[3],"tags":[],"class_list":["post-880","post","type-post","status-publish","format-standard","hentry","category-news"],"taxonomy_info":{"category":[{"value":3,"label":"News"}]},"featured_image_src_large":false,"author_info":{"display_name":"blogger","author_link":"https:\/\/swen-mercer.com\/de\/author\/blogger\/"},"comment_info":0,"category_info":[{"term_id":3,"name":"News","slug":"news","term_group":0,"term_taxonomy_id":3,"taxonomy":"category","description":"","parent":0,"count":93,"filter":"raw","cat_ID":3,"category_count":93,"category_description":"","cat_name":"News","category_nicename":"news","category_parent":0}],"tag_info":false,"_links":{"self":[{"href":"https:\/\/swen-mercer.com\/de\/wp-json\/wp\/v2\/posts\/880","targetHints":{"allow":["GET"]}}],"collection":[{"href":"https:\/\/swen-mercer.com\/de\/wp-json\/wp\/v2\/posts"}],"about":[{"href":"https:\/\/swen-mercer.com\/de\/wp-json\/wp\/v2\/types\/post"}],"author":[{"embeddable":true,"href":"https:\/\/swen-mercer.com\/de\/wp-json\/wp\/v2\/users\/2"}],"replies":[{"embeddable":true,"href":"https:\/\/swen-mercer.com\/de\/wp-json\/wp\/v2\/comments?post=880"}],"version-history":[{"count":0,"href":"https:\/\/swen-mercer.com\/de\/wp-json\/wp\/v2\/posts\/880\/revisions"}],"wp:attachment":[{"href":"https:\/\/swen-mercer.com\/de\/wp-json\/wp\/v2\/media?parent=880"}],"wp:term":[{"taxonomy":"category","embeddable":true,"href":"https:\/\/swen-mercer.com\/de\/wp-json\/wp\/v2\/categories?post=880"},{"taxonomy":"post_tag","embeddable":true,"href":"https:\/\/swen-mercer.com\/de\/wp-json\/wp\/v2\/tags?post=880"}],"curies":[{"name":"wp","href":"https:\/\/api.w.org\/{rel}","templated":true}]}}