{"id":878,"date":"2025-11-21T11:00:09","date_gmt":"2025-11-21T11:00:09","guid":{"rendered":"https:\/\/swen-mercer.com\/de\/brienz-wenn-der-berg-kame-hatten-wir-unsere-ruhe\/"},"modified":"2025-11-26T13:45:54","modified_gmt":"2025-11-26T13:45:54","slug":"brienz-wenn-der-berg-kame-hatten-wir-unsere-ruhe","status":"publish","type":"post","link":"https:\/\/swen-mercer.com\/de\/brienz-wenn-der-berg-kame-hatten-wir-unsere-ruhe\/","title":{"rendered":"Brienz: &#8220;Wenn der Berg k\u00e4me, h\u00e4tten wir unsere Ruhe&#8221;"},"content":{"rendered":"\n<p>Ach ja, Brienz \u2013 dieses charmante, kleine Schweizer Dorf, das sich entschlossen hat, eine sehr intime Beziehung zu einem potenziell abst\u00fcrzenden Berg aufzubauen. Es gibt ja nichts Heimeligeres, als mit der st\u00e4ndigen Aussicht zu leben, dass einem demn\u00e4chst 500.000 Kubikmeter Felsgestein aufs Dach fallen k\u00f6nnten. Wer braucht schon Wetterberichte, wenn die Natur selbst einen Countdown eingel\u00e4utet hat?<\/p>\n\n\n\n<p>Seit \u00fcber einem Jahr ist Brienz evakuiert \u2013 weil der Berg offenbar beschlossen hat, den Zustand \u201estille Bedrohung\u201c zur neuen Dorfidentit\u00e4t zu machen. Die meisten Bewohner sind inzwischen ausgezogen, wahrscheinlich weil sie der Meinung sind, dass *nicht* unter einem Berg begraben zu werden, doch recht angenehm ist. Aber halt! Eine letzte Bauernfamilie trotzt der drohenden Felslawine. Warum auch nicht? Schlie\u00dflich muss jemand die K\u00fche melken, bevor sie \u00fcberraschend flach gedr\u00fcckt werden.<\/p>\n\n\n\n<p>&#8220;Wenn der Berg k\u00e4me, h\u00e4tten wir unsere Ruhe,&#8221; sagen manche. Endlich mal kein L\u00e4rm mehr von Touristenkameras, keine Postboten, die einem Pakete bringen, die man eh nie bestellt hat, und vor allem: Endlich Feierabend f\u00fcr immer. Bergsturz als L\u00f6sung f\u00fcr die Midlife-Crisis \u2013 innovativ und umweltneutral.<\/p>\n\n\n\n<p>Aber man muss den Schweizern zugutehalten: Sie nehmen das mit der P\u00fcnktlichkeit selbst beim Weltuntergang sehr genau. Seit einem Jahr wartet man geduldig, dass der Berg endlich f\u00e4llt, aber nat\u00fcrlich macht er das nicht einfach so. Nein, der Berg hat offensichtlich auch einen Terminkalender und denkt sich: \u201eWarum heute einst\u00fcrzen, wenn ich es auch gem\u00fctlich auf 2027 verschieben kann?\u201c<\/p>\n\n\n\n<p>Inzwischen hat das Dorf mehr Checkpoints als das Pentagon und mehr Geologen als Einwohner. Jeder wartende Brienzer k\u00f6nnte inzwischen selbst eine seismologische Diplomarbeit schreiben. Vielleicht ist das alles ja nur ein gro\u00df angelegtes Bildungsprogramm? \u201eLeben in der geologischen Ungewissheit \u2013 Einf\u00fchrung mit praktischem \u00dcberlebensteil.\u201c<\/p>\n\n\n\n<p>Die Bauern sagen, sie wollen bleiben, solange es geht. Das nennt man entweder Mut \u2013 oder eine sehr toxische Beziehung mit der Erdkruste. Und w\u00e4hrend das halbe Dorf schon halb ausgezogen ist, \u00fcberlegt sich der Berg wohl, ob er vielleicht doch lieber ein wenig Rutschen statt St\u00fcrzen m\u00f6chte. So, f\u00fcr den Showeffekt.<\/p>\n\n\n\n<p>Fazit: Brienz \u2013 wo man den Haussegen nicht mehr an der Wand, sondern besser am Seismografen aufh\u00e4ngt. Und wer braucht schon spannende Netflix-Serien, wenn man bei jedem Knacken drau\u00dfen denkt: &#8220;Na, das war&#8217;s jetzt aber!&#8221; Nur um dann vom Wind entt\u00e4uscht zu werden. Showtime verschoben. Wieder einmal.<\/p>\n","protected":false},"excerpt":{"rendered":"<p>Ach ja, Brienz \u2013 dieses charmante, kleine Schweizer Dorf, das sich entschlossen hat, eine sehr intime Beziehung zu einem potenziell abst\u00fcrzenden Berg aufzubauen. Es gibt ja nichts Heimeligeres, als mit der st\u00e4ndigen Aussicht zu leben, dass einem demn\u00e4chst 500.000 Kubikmeter Felsgestein aufs Dach fallen k\u00f6nnten. Wer braucht schon Wetterberichte, wenn die Natur selbst einen Countdown&#8230;<\/p>\n","protected":false},"author":2,"featured_media":0,"comment_status":"closed","ping_status":"open","sticky":false,"template":"","format":"standard","meta":{"_kad_blocks_custom_css":"","_kad_blocks_head_custom_js":"","_kad_blocks_body_custom_js":"","_kad_blocks_footer_custom_js":"","_kad_post_transparent":"","_kad_post_title":"","_kad_post_layout":"","_kad_post_sidebar_id":"","_kad_post_content_style":"","_kad_post_vertical_padding":"","_kad_post_feature":"","_kad_post_feature_position":"","_kad_post_header":false,"_kad_post_footer":false,"footnotes":""},"categories":[3],"tags":[],"class_list":["post-878","post","type-post","status-publish","format-standard","hentry","category-news"],"taxonomy_info":{"category":[{"value":3,"label":"News"}]},"featured_image_src_large":false,"author_info":{"display_name":"blogger","author_link":"https:\/\/swen-mercer.com\/de\/author\/blogger\/"},"comment_info":0,"category_info":[{"term_id":3,"name":"News","slug":"news","term_group":0,"term_taxonomy_id":3,"taxonomy":"category","description":"","parent":0,"count":93,"filter":"raw","cat_ID":3,"category_count":93,"category_description":"","cat_name":"News","category_nicename":"news","category_parent":0}],"tag_info":false,"_links":{"self":[{"href":"https:\/\/swen-mercer.com\/de\/wp-json\/wp\/v2\/posts\/878","targetHints":{"allow":["GET"]}}],"collection":[{"href":"https:\/\/swen-mercer.com\/de\/wp-json\/wp\/v2\/posts"}],"about":[{"href":"https:\/\/swen-mercer.com\/de\/wp-json\/wp\/v2\/types\/post"}],"author":[{"embeddable":true,"href":"https:\/\/swen-mercer.com\/de\/wp-json\/wp\/v2\/users\/2"}],"replies":[{"embeddable":true,"href":"https:\/\/swen-mercer.com\/de\/wp-json\/wp\/v2\/comments?post=878"}],"version-history":[{"count":1,"href":"https:\/\/swen-mercer.com\/de\/wp-json\/wp\/v2\/posts\/878\/revisions"}],"predecessor-version":[{"id":892,"href":"https:\/\/swen-mercer.com\/de\/wp-json\/wp\/v2\/posts\/878\/revisions\/892"}],"wp:attachment":[{"href":"https:\/\/swen-mercer.com\/de\/wp-json\/wp\/v2\/media?parent=878"}],"wp:term":[{"taxonomy":"category","embeddable":true,"href":"https:\/\/swen-mercer.com\/de\/wp-json\/wp\/v2\/categories?post=878"},{"taxonomy":"post_tag","embeddable":true,"href":"https:\/\/swen-mercer.com\/de\/wp-json\/wp\/v2\/tags?post=878"}],"curies":[{"name":"wp","href":"https:\/\/api.w.org\/{rel}","templated":true}]}}