{"id":877,"date":"2025-11-20T11:00:10","date_gmt":"2025-11-20T11:00:10","guid":{"rendered":"https:\/\/swen-mercer.com\/de\/anschlag-auf-nord-stream-italien-erlaubt-auslieferung-eines-verdachtigen\/"},"modified":"2025-11-20T11:00:10","modified_gmt":"2025-11-20T11:00:10","slug":"anschlag-auf-nord-stream-italien-erlaubt-auslieferung-eines-verdachtigen","status":"publish","type":"post","link":"https:\/\/swen-mercer.com\/de\/anschlag-auf-nord-stream-italien-erlaubt-auslieferung-eines-verdachtigen\/","title":{"rendered":"Anschlag auf Nord-Stream: Italien erlaubt Auslieferung eines Verd\u00e4chtigen"},"content":{"rendered":"<p>Na gut, liebe Leser:innen, es ist offiziell: Italien hat endlich beschlossen, einen der mutma\u00dflichen Drahtzieher des Anschlags auf die Nord-Stream-Pipeline nach Deutschland auszuliefern. Und nein, das ist kein neues Staffelfinale von \u201eJames Bond \u2013 Europas Gasnetz unter Beschuss\u201c, das ist tats\u00e4chlich Realit\u00e4t. Wobei \u2013 bei der Geschwindigkeit, mit der Staaten hier kooperieren, h\u00e4tte man zwischenzeitlich locker einen ganzen Netflix-Thriller dar\u00fcber drehen k\u00f6nnen. Mit mindestens drei R\u00fcckblenden, zwei Verschw\u00f6rungsplots und einem obligatorischen italienischen Espresso, der w\u00e4hrend eines Auslieferungsantrags serviert wird.<\/p>\n<p>Nach wochenlangem gem\u00fctlichem Hin und Her \u2013 oder wie das in diplomatischem Italienisch hei\u00dft: \u201eMamma mia, lass uns noch ein bisschen dr\u00fcber schlafen!\u201c \u2013 hat das italienische Gericht also entschieden: Der ukrainische Verd\u00e4chtige darf nach Deutschland. Kaum zu glauben! Fast so, als ob internationales Rechtssystem funktioniert&#8230; nur eben mit der P\u00fcnktlichkeit eines Ryanair-Flugs w\u00e4hrend eines Streiks.<\/p>\n<p>Der Mann, der angeblich mit dem kleinen Hobby besch\u00e4ftigt war, mal eben eine wichtige unterseeische Gasleitung zu sprengen, muss sich nun in Deutschland verantworten. Da fragt man sich nat\u00fcrlich: Bekommt er wenigstens eine Kreuzfahrt durch die Ostsee, damit er seinem Werk nochmal mit einem Glas Prosecco in der Hand gedenken kann? Oder schwenken wir jetzt doch auf \u201eGerichtsdrama trifft auf Geo-Strategie-Thriller\u201c um?<\/p>\n<p>W\u00e4hrend also in Berlin langsam das Skizzenbuch f\u00fcr ein Gerichtsverfahren gez\u00fcckt wird \u2013 mit Buntstiften, weil der Fall ja bisher so transparent war \u2013 freuen sich Ermittler \u00fcber den gelungenen diplomatischen Fang. Italien hingegen kann sich nun endlich wieder auf wichtigere Dinge konzentrieren. Zum Beispiel auf das nationale Dilemma: Pasta al dente oder doch lieber weichgekocht wie ihre Haltung zum europ\u00e4ischen Haftbefehl?<\/p>\n<p>In jedem Fall ist dies ein Meilenstein auf dem Weg zur Aufkl\u00e4rung des vielleicht explosivsten Vorfalls in der Geschichte europ\u00e4ischen Pipeline-Storytellings. Und wir wissen alle, wie das l\u00e4uft: Ein Schuss, ein Rohr weniger \u2013 und mindestens f\u00fcnf geopolitische Theorien mehr.<\/p>\n<p>Fortsetzung folgt, vermutlich bald in einem Untersuchungsausschuss Ihrer Wahl. Vielleicht sogar mit Popcorn.<\/p>\n","protected":false},"excerpt":{"rendered":"<p>Na gut, liebe Leser:innen, es ist offiziell: Italien hat endlich beschlossen, einen der mutma\u00dflichen Drahtzieher des Anschlags auf die Nord-Stream-Pipeline nach Deutschland auszuliefern. Und nein, das ist kein neues Staffelfinale von \u201eJames Bond \u2013 Europas Gasnetz unter Beschuss\u201c, das ist tats\u00e4chlich Realit\u00e4t. Wobei \u2013 bei der Geschwindigkeit, mit der Staaten hier kooperieren, h\u00e4tte man zwischenzeitlich&#8230;<\/p>\n","protected":false},"author":2,"featured_media":0,"comment_status":"","ping_status":"open","sticky":false,"template":"","format":"standard","meta":{"_kad_blocks_custom_css":"","_kad_blocks_head_custom_js":"","_kad_blocks_body_custom_js":"","_kad_blocks_footer_custom_js":"","_kad_post_transparent":"","_kad_post_title":"","_kad_post_layout":"","_kad_post_sidebar_id":"","_kad_post_content_style":"","_kad_post_vertical_padding":"","_kad_post_feature":"","_kad_post_feature_position":"","_kad_post_header":false,"_kad_post_footer":false,"footnotes":""},"categories":[3],"tags":[],"class_list":["post-877","post","type-post","status-publish","format-standard","hentry","category-news"],"taxonomy_info":{"category":[{"value":3,"label":"News"}]},"featured_image_src_large":false,"author_info":{"display_name":"blogger","author_link":"https:\/\/swen-mercer.com\/de\/author\/blogger\/"},"comment_info":0,"category_info":[{"term_id":3,"name":"News","slug":"news","term_group":0,"term_taxonomy_id":3,"taxonomy":"category","description":"","parent":0,"count":93,"filter":"raw","cat_ID":3,"category_count":93,"category_description":"","cat_name":"News","category_nicename":"news","category_parent":0}],"tag_info":false,"_links":{"self":[{"href":"https:\/\/swen-mercer.com\/de\/wp-json\/wp\/v2\/posts\/877","targetHints":{"allow":["GET"]}}],"collection":[{"href":"https:\/\/swen-mercer.com\/de\/wp-json\/wp\/v2\/posts"}],"about":[{"href":"https:\/\/swen-mercer.com\/de\/wp-json\/wp\/v2\/types\/post"}],"author":[{"embeddable":true,"href":"https:\/\/swen-mercer.com\/de\/wp-json\/wp\/v2\/users\/2"}],"replies":[{"embeddable":true,"href":"https:\/\/swen-mercer.com\/de\/wp-json\/wp\/v2\/comments?post=877"}],"version-history":[{"count":0,"href":"https:\/\/swen-mercer.com\/de\/wp-json\/wp\/v2\/posts\/877\/revisions"}],"wp:attachment":[{"href":"https:\/\/swen-mercer.com\/de\/wp-json\/wp\/v2\/media?parent=877"}],"wp:term":[{"taxonomy":"category","embeddable":true,"href":"https:\/\/swen-mercer.com\/de\/wp-json\/wp\/v2\/categories?post=877"},{"taxonomy":"post_tag","embeddable":true,"href":"https:\/\/swen-mercer.com\/de\/wp-json\/wp\/v2\/tags?post=877"}],"curies":[{"name":"wp","href":"https:\/\/api.w.org\/{rel}","templated":true}]}}