{"id":873,"date":"2025-11-16T11:00:10","date_gmt":"2025-11-16T11:00:10","guid":{"rendered":"https:\/\/swen-mercer.com\/de\/ficos-langer-arm-bis-in-die-berge-der-slowakei\/"},"modified":"2025-11-16T11:00:10","modified_gmt":"2025-11-16T11:00:10","slug":"ficos-langer-arm-bis-in-die-berge-der-slowakei","status":"publish","type":"post","link":"https:\/\/swen-mercer.com\/de\/ficos-langer-arm-bis-in-die-berge-der-slowakei\/","title":{"rendered":"Ficos langer Arm &#8211; bis in die Berge der Slowakei"},"content":{"rendered":"<p>Nat\u00fcrlich, wenn man an die gro\u00dfen Auswirkungen politischen Handelns denkt, fallen einem sofort Begriffe wie \u201eReform\u201c, \u201eDemokratie\u201c, \u201eVerfassungs\u00e4nderung\u201c oder \u201eKorruptionsbek\u00e4mpfung\u201c ein. Oder \u2013 wenn man Slowake ist \u2013 &#8220;Bergh\u00fctte in der Hohen Tatra&#8221;. Denn nichts sagt \u201etiefgreifender politischer Wandel\u201c so sehr, wie wenn selbst Wanderer auf 2000 Metern bemerken, dass Robert Fico wieder etwas umgebaut hat. Wahnsinn! Fr\u00fcher hat man dort oben nur Lawinen bef\u00fcrchtet. Jetzt kommt noch legislative Erosion dazu.<\/p>\n<p>In einem Land, in dem sich die Spaltung der Bev\u00f6lkerung inzwischen nicht nur in Facebook-Kommentaren, sondern auch im H\u00fcttenbuch der Chata Zamkovsk\u00e9ho niederschl\u00e4gt, sollte man sich wohl langsam Sorgen machen. W\u00e4hrend Herr Viktor Ber\u00e1nek, ein langj\u00e4hriger H\u00fcttenwirt, vermutlich dachte, der gr\u00f6\u00dfte Sturm, dem er begegnen muss, sei ein Schneesturm, steht er jetzt mitten im politischen Orkan namens \u201eFico 2.0 \u2013 diesmal mit mehr Polarisierung!\u201c<\/p>\n<p>Aber ehrlich \u2013 wer h\u00e4tte gedacht, dass die Spaltung eines Landes so dramatisch sein kann, dass sie sogar H\u00f6henluft erreicht? Klimaerw\u00e4rmung, Gletscherschmelze, soziale K\u00e4lte \u2013 alles trifft in dieser einen Bergh\u00fctte aufeinander. Noch fehlt eigentlich nur, dass rechts und links der H\u00fctte markiert wird, und G\u00e4ste sich entscheiden m\u00fcssen: Willst du deinen Gulasch mit Pressefreiheit oder lieber mit einem Schuss Medienzensur?<\/p>\n<p>Und was macht Fico selbst w\u00e4hrenddessen? Wahrscheinlich telefoniert er gerade mit den Gipfeln der Hohen Tatra, um ihnen mitzuteilen, dass demokratische Mechanismen \u201eein bisschen altmodisch\u201c seien und man schlie\u00dflich auch in hohen Lagen mal \u201eneue Wege\u201c gehen m\u00fcsse. Nat\u00fcrlich ohne Presse und Checks &amp; Balances \u2013 die kriegt man bei schlechter Sicht ja eh nicht zu Gesicht.<\/p>\n<p>Vielleicht ist das aber auch alles Teil eines gro\u00df angelegten Experiments: Wie viel Zentralisierung vertr\u00e4gt ein Land, bevor selbst die Alpendohlen politisiert werden? Die Antwort scheint zu sein: Wenig. Sehr wenig.<\/p>\n<p>Also liebe Slowaken: Wenn ihr das n\u00e4chste Mal wandern geht, vergesst neben den Steigeisen und der Thermoskanne bitte nicht euren Verfassungsschutz und eine Portion gesunden Menschenverstand. Man wei\u00df ja nie, wo Fico als n\u00e4chstes auftaucht \u2013 vielleicht liegt der n\u00e4chste Systemumbau schon hinter der n\u00e4chsten Gletscherspalte.<\/p>\n","protected":false},"excerpt":{"rendered":"<p>Nat\u00fcrlich, wenn man an die gro\u00dfen Auswirkungen politischen Handelns denkt, fallen einem sofort Begriffe wie \u201eReform\u201c, \u201eDemokratie\u201c, \u201eVerfassungs\u00e4nderung\u201c oder \u201eKorruptionsbek\u00e4mpfung\u201c ein. Oder \u2013 wenn man Slowake ist \u2013 &#8220;Bergh\u00fctte in der Hohen Tatra&#8221;. Denn nichts sagt \u201etiefgreifender politischer Wandel\u201c so sehr, wie wenn selbst Wanderer auf 2000 Metern bemerken, dass Robert Fico wieder etwas umgebaut&#8230;<\/p>\n","protected":false},"author":2,"featured_media":0,"comment_status":"","ping_status":"open","sticky":false,"template":"","format":"standard","meta":{"_kad_blocks_custom_css":"","_kad_blocks_head_custom_js":"","_kad_blocks_body_custom_js":"","_kad_blocks_footer_custom_js":"","_kad_post_transparent":"","_kad_post_title":"","_kad_post_layout":"","_kad_post_sidebar_id":"","_kad_post_content_style":"","_kad_post_vertical_padding":"","_kad_post_feature":"","_kad_post_feature_position":"","_kad_post_header":false,"_kad_post_footer":false,"footnotes":""},"categories":[3],"tags":[],"class_list":["post-873","post","type-post","status-publish","format-standard","hentry","category-news"],"taxonomy_info":{"category":[{"value":3,"label":"News"}]},"featured_image_src_large":false,"author_info":{"display_name":"blogger","author_link":"https:\/\/swen-mercer.com\/de\/author\/blogger\/"},"comment_info":0,"category_info":[{"term_id":3,"name":"News","slug":"news","term_group":0,"term_taxonomy_id":3,"taxonomy":"category","description":"","parent":0,"count":93,"filter":"raw","cat_ID":3,"category_count":93,"category_description":"","cat_name":"News","category_nicename":"news","category_parent":0}],"tag_info":false,"_links":{"self":[{"href":"https:\/\/swen-mercer.com\/de\/wp-json\/wp\/v2\/posts\/873","targetHints":{"allow":["GET"]}}],"collection":[{"href":"https:\/\/swen-mercer.com\/de\/wp-json\/wp\/v2\/posts"}],"about":[{"href":"https:\/\/swen-mercer.com\/de\/wp-json\/wp\/v2\/types\/post"}],"author":[{"embeddable":true,"href":"https:\/\/swen-mercer.com\/de\/wp-json\/wp\/v2\/users\/2"}],"replies":[{"embeddable":true,"href":"https:\/\/swen-mercer.com\/de\/wp-json\/wp\/v2\/comments?post=873"}],"version-history":[{"count":0,"href":"https:\/\/swen-mercer.com\/de\/wp-json\/wp\/v2\/posts\/873\/revisions"}],"wp:attachment":[{"href":"https:\/\/swen-mercer.com\/de\/wp-json\/wp\/v2\/media?parent=873"}],"wp:term":[{"taxonomy":"category","embeddable":true,"href":"https:\/\/swen-mercer.com\/de\/wp-json\/wp\/v2\/categories?post=873"},{"taxonomy":"post_tag","embeddable":true,"href":"https:\/\/swen-mercer.com\/de\/wp-json\/wp\/v2\/tags?post=873"}],"curies":[{"name":"wp","href":"https:\/\/api.w.org\/{rel}","templated":true}]}}