{"id":872,"date":"2025-11-15T11:00:10","date_gmt":"2025-11-15T11:00:10","guid":{"rendered":"https:\/\/swen-mercer.com\/de\/paris-gedenkt-der-opfer-der-terroranschlage-vom-13-november-2015-2\/"},"modified":"2025-11-15T11:00:10","modified_gmt":"2025-11-15T11:00:10","slug":"paris-gedenkt-der-opfer-der-terroranschlage-vom-13-november-2015-2","status":"publish","type":"post","link":"https:\/\/swen-mercer.com\/de\/paris-gedenkt-der-opfer-der-terroranschlage-vom-13-november-2015-2\/","title":{"rendered":"Paris gedenkt der Opfer der Terroranschl\u00e4ge vom 13. November 2015"},"content":{"rendered":"<p>Die Franzosen haben mal wieder gezeigt, wie gut sie sich aufs Erinnern verstehen \u2013 zumindest, solange kein Streik den Gedenkzug blockiert. Zum zehnten Jahrestag der Terroranschl\u00e4ge vom 13. November 2015 in Paris, bei denen 130 Menschen kaltbl\u00fctig ermordet wurden, hat sich Frankreich in kollektive Nachdenklichkeit geh\u00fcllt. Pr\u00e4sident Emmanuel Macron, der Mann mit der rhetorischen Fu\u00dfg\u00e4ngerzone, mahnte zur \u201eWachsamkeit\u201c \u2013 was offenbar franz\u00f6sisch ist f\u00fcr \u201eWir haben keine Ahnung, was als n\u00e4chstes passiert, aber bitte alle aufrecht sitzen und besorgt gucken.\u201c<\/p>\n<p>An mehreren Tatorten wurden Kr\u00e4nze niedergelegt und Reden gehalten, bei denen sich das Pathos vermutlich freiwillig \u00fcbergeben h\u00e4tte. Es war ein herzzerrei\u00dfendes Schauspiel \u2013 oder wie man in der Politik sagt: Dienstag.<\/p>\n<p>Nat\u00fcrlich durfte der obligatorische Hinweis nicht fehlen, dass Dschihadismus wieder auf dem Vormarsch sei. Ein echter Klassiker, fast so verl\u00e4sslich wie ein franz\u00f6sischer Wein bei der Preisverleihung. \u00dcberraschung! Gewaltextremismus ist also immer noch ein Ding. Danke f\u00fcr das Update, Emmanuel \u2013 wir hatten tats\u00e4chlich kurz gedacht, alle Radikalen h\u00e4tten sich in Yogakurse eingeschrieben und Spinat-Smoothies entdeckt.<\/p>\n<p>Aber was w\u00e4re ein Gedenken ohne symbolische Gesten mit Null praktischer Konsequenz? Immerhin wurde nicht nur erinnert, sondern auch daran erinnert, dass man erinnert. Frankreich hat das kollektive Ged\u00e4chtnis diesmal mit besonders viel Ernsthaftigkeit abgepudert. Und w\u00e4hrenddessen bleibt der Kampf gegen Radikalisierung so effektiv wie ein Regenschirm in einem Hurrikan.<\/p>\n<p>Vielleicht \u2013 und das ist jetzt nur ein ganz verr\u00fcckter Gedanke \u2013 k\u00f6nnte man statt j\u00e4hrlicher Gedenkroutine auch mal nachhaltige Bildungsprogramme, soziale Integration und echte Pr\u00e4vention in den Vordergrund stellen. Aber was wei\u00df ich schon? Ich bin ja nur ein sarkastischer Blogger mit zu viel Kaffee und zu wenig Vertrauen in symbolpolitische Eventgala-Mentalit\u00e4t.<\/p>\n<p>In der Zwischenzeit d\u00fcrfen wir beruhigt sein: Macron ist wachsam. Das gibt nat\u00fcrlich ein Gef\u00fchl der Sicherheit \u2013 so wie eine W\u00e4rmflasche beim Schiffbruch. Vive la comm\u00e9moration!<\/p>\n","protected":false},"excerpt":{"rendered":"<p>Die Franzosen haben mal wieder gezeigt, wie gut sie sich aufs Erinnern verstehen \u2013 zumindest, solange kein Streik den Gedenkzug blockiert. Zum zehnten Jahrestag der Terroranschl\u00e4ge vom 13. November 2015 in Paris, bei denen 130 Menschen kaltbl\u00fctig ermordet wurden, hat sich Frankreich in kollektive Nachdenklichkeit geh\u00fcllt. Pr\u00e4sident Emmanuel Macron, der Mann mit der rhetorischen Fu\u00dfg\u00e4ngerzone,&#8230;<\/p>\n","protected":false},"author":2,"featured_media":0,"comment_status":"","ping_status":"open","sticky":false,"template":"","format":"standard","meta":{"_kad_blocks_custom_css":"","_kad_blocks_head_custom_js":"","_kad_blocks_body_custom_js":"","_kad_blocks_footer_custom_js":"","_kad_post_transparent":"","_kad_post_title":"","_kad_post_layout":"","_kad_post_sidebar_id":"","_kad_post_content_style":"","_kad_post_vertical_padding":"","_kad_post_feature":"","_kad_post_feature_position":"","_kad_post_header":false,"_kad_post_footer":false,"footnotes":""},"categories":[3],"tags":[],"class_list":["post-872","post","type-post","status-publish","format-standard","hentry","category-news"],"taxonomy_info":{"category":[{"value":3,"label":"News"}]},"featured_image_src_large":false,"author_info":{"display_name":"blogger","author_link":"https:\/\/swen-mercer.com\/de\/author\/blogger\/"},"comment_info":0,"category_info":[{"term_id":3,"name":"News","slug":"news","term_group":0,"term_taxonomy_id":3,"taxonomy":"category","description":"","parent":0,"count":93,"filter":"raw","cat_ID":3,"category_count":93,"category_description":"","cat_name":"News","category_nicename":"news","category_parent":0}],"tag_info":false,"_links":{"self":[{"href":"https:\/\/swen-mercer.com\/de\/wp-json\/wp\/v2\/posts\/872","targetHints":{"allow":["GET"]}}],"collection":[{"href":"https:\/\/swen-mercer.com\/de\/wp-json\/wp\/v2\/posts"}],"about":[{"href":"https:\/\/swen-mercer.com\/de\/wp-json\/wp\/v2\/types\/post"}],"author":[{"embeddable":true,"href":"https:\/\/swen-mercer.com\/de\/wp-json\/wp\/v2\/users\/2"}],"replies":[{"embeddable":true,"href":"https:\/\/swen-mercer.com\/de\/wp-json\/wp\/v2\/comments?post=872"}],"version-history":[{"count":0,"href":"https:\/\/swen-mercer.com\/de\/wp-json\/wp\/v2\/posts\/872\/revisions"}],"wp:attachment":[{"href":"https:\/\/swen-mercer.com\/de\/wp-json\/wp\/v2\/media?parent=872"}],"wp:term":[{"taxonomy":"category","embeddable":true,"href":"https:\/\/swen-mercer.com\/de\/wp-json\/wp\/v2\/categories?post=872"},{"taxonomy":"post_tag","embeddable":true,"href":"https:\/\/swen-mercer.com\/de\/wp-json\/wp\/v2\/tags?post=872"}],"curies":[{"name":"wp","href":"https:\/\/api.w.org\/{rel}","templated":true}]}}