{"id":870,"date":"2025-11-13T11:00:08","date_gmt":"2025-11-13T11:00:08","guid":{"rendered":"https:\/\/swen-mercer.com\/de\/ist-frankreich-so-frei-und-bruderlich-wie-vor-dem-terror\/"},"modified":"2025-11-13T11:00:08","modified_gmt":"2025-11-13T11:00:08","slug":"ist-frankreich-so-frei-und-bruderlich-wie-vor-dem-terror","status":"publish","type":"post","link":"https:\/\/swen-mercer.com\/de\/ist-frankreich-so-frei-und-bruderlich-wie-vor-dem-terror\/","title":{"rendered":"Ist Frankreich so frei und br\u00fcderlich wie vor dem Terror?"},"content":{"rendered":"<p>Ach, Frankreich. Land des Weins, des Baguettes \u2013 und der ironischen Doppelmoral. Vor genau zehn Jahren entschieden sich ein paar fanatische Idioten, dem Land der &#8220;Libert\u00e9, \u00c9galit\u00e9, Fraternit\u00e9&#8221; mal so richtig die Ironie-Karte zu zeigen. Seitdem ist nichts mehr wie fr\u00fcher \u2013 au\u00dfer vielleicht, dass man jetzt doppelt so lange an Flughafenkontrollen steht und sich zweimal \u00fcberlegt, ob das Selfie vorm Eiffelturm mit zu viel Rucksack\u00e4sthetik versehen sein k\u00f6nnte.<\/p>\n<p>Damals schwor man sich in Frankreich, f\u00fcr Freiheit, Gleichheit und Br\u00fcderlichkeit aufzustehen. Und siehe da \u2013 es wurde aufgestanden. Und zwar f\u00fcr \u00dcberwachungsgesetze, Gesichtserkennungssoftware und eine Polizei, der man im Zweifel lieber nicht in einen dunklen Park folgen will. Klar, Freiheit f\u00fchlt sich halt am besten an, wenn man sie durch einen staatlich gefilterten Sichtschutz betrachtet.<\/p>\n<p>Und Gleichheit? Absolut. Jeder B\u00fcrger wird inzwischen so gleich behandelt, dass Moscheen unter erh\u00f6htem &#8220;p\u00e4dagogischem Interesse&#8221; stehen, w\u00e4hrend ultrakonservative katholische Schulverb\u00e4nde weiterhin das Recht haben, Darwin pers\u00f6nlich aus dem Lehrplan zu tilgen. Br\u00fcderlichkeit? Sicher, solange dein Bruder aussieht wie G\u00e9rard Depardieu und nicht wie Ahmed aus Marseille.<\/p>\n<p>Aber hey, immerhin gibt\u2019s weniger Terror. Klar, weil man jetzt schon beim betreten des M\u00e9tros auf Sprengstoffsp\u00fcrhunde trifft und Video\u00fcberwachung einem sagt, ob man heute schon verd\u00e4chtig genug geguckt hat. Sicherheit geht bekanntlich vor \u2013 beziehungsweise geht sie hinter einem her, mit Nachtsichtger\u00e4t und Thermoscanner.<\/p>\n<p>Frankreich wollte nach dem Terror zeigen, dass es standhaft bleibt. Die gute Nachricht: Es hat tats\u00e4chlich Haltung bewahrt \u2013 allerdings in der Form von stocksteifer Alarmbereitschaft. Und wenn heute jemand noch fragt, was mit der offenen Gesellschaft passiert ist: Sie ist noch da. Nur halt mit Schranken, Ausweis-Pflicht und einem freundlichen &#8220;Willkommen zur\u00fcck, \u00dcberwachungsstaat&#8221; am Gare du Nord.<\/p>\n<p>Chapeau, Frankreich. Du hast wirklich alles getan, um das Motto &#8220;Libert\u00e9, \u00c9galit\u00e9, Fraternit\u00e9&#8221; nicht v\u00f6llig ad absurdum zu f\u00fchren \u2013 nur ein bisschen. Aber hey, das ist ja fast schon eine franz\u00f6sische Tradition.<\/p>\n","protected":false},"excerpt":{"rendered":"<p>Ach, Frankreich. Land des Weins, des Baguettes \u2013 und der ironischen Doppelmoral. Vor genau zehn Jahren entschieden sich ein paar fanatische Idioten, dem Land der &#8220;Libert\u00e9, \u00c9galit\u00e9, Fraternit\u00e9&#8221; mal so richtig die Ironie-Karte zu zeigen. Seitdem ist nichts mehr wie fr\u00fcher \u2013 au\u00dfer vielleicht, dass man jetzt doppelt so lange an Flughafenkontrollen steht und sich&#8230;<\/p>\n","protected":false},"author":2,"featured_media":0,"comment_status":"","ping_status":"open","sticky":false,"template":"","format":"standard","meta":{"_kad_blocks_custom_css":"","_kad_blocks_head_custom_js":"","_kad_blocks_body_custom_js":"","_kad_blocks_footer_custom_js":"","_kad_post_transparent":"","_kad_post_title":"","_kad_post_layout":"","_kad_post_sidebar_id":"","_kad_post_content_style":"","_kad_post_vertical_padding":"","_kad_post_feature":"","_kad_post_feature_position":"","_kad_post_header":false,"_kad_post_footer":false,"footnotes":""},"categories":[3],"tags":[],"class_list":["post-870","post","type-post","status-publish","format-standard","hentry","category-news"],"taxonomy_info":{"category":[{"value":3,"label":"News"}]},"featured_image_src_large":false,"author_info":{"display_name":"blogger","author_link":"https:\/\/swen-mercer.com\/de\/author\/blogger\/"},"comment_info":0,"category_info":[{"term_id":3,"name":"News","slug":"news","term_group":0,"term_taxonomy_id":3,"taxonomy":"category","description":"","parent":0,"count":93,"filter":"raw","cat_ID":3,"category_count":93,"category_description":"","cat_name":"News","category_nicename":"news","category_parent":0}],"tag_info":false,"_links":{"self":[{"href":"https:\/\/swen-mercer.com\/de\/wp-json\/wp\/v2\/posts\/870","targetHints":{"allow":["GET"]}}],"collection":[{"href":"https:\/\/swen-mercer.com\/de\/wp-json\/wp\/v2\/posts"}],"about":[{"href":"https:\/\/swen-mercer.com\/de\/wp-json\/wp\/v2\/types\/post"}],"author":[{"embeddable":true,"href":"https:\/\/swen-mercer.com\/de\/wp-json\/wp\/v2\/users\/2"}],"replies":[{"embeddable":true,"href":"https:\/\/swen-mercer.com\/de\/wp-json\/wp\/v2\/comments?post=870"}],"version-history":[{"count":0,"href":"https:\/\/swen-mercer.com\/de\/wp-json\/wp\/v2\/posts\/870\/revisions"}],"wp:attachment":[{"href":"https:\/\/swen-mercer.com\/de\/wp-json\/wp\/v2\/media?parent=870"}],"wp:term":[{"taxonomy":"category","embeddable":true,"href":"https:\/\/swen-mercer.com\/de\/wp-json\/wp\/v2\/categories?post=870"},{"taxonomy":"post_tag","embeddable":true,"href":"https:\/\/swen-mercer.com\/de\/wp-json\/wp\/v2\/tags?post=870"}],"curies":[{"name":"wp","href":"https:\/\/api.w.org\/{rel}","templated":true}]}}