{"id":868,"date":"2025-11-11T11:00:17","date_gmt":"2025-11-11T11:00:17","guid":{"rendered":"https:\/\/swen-mercer.com\/de\/eu-richtlinie-fur-mindestlohn-muss-geandert-werden\/"},"modified":"2025-11-11T11:00:17","modified_gmt":"2025-11-11T11:00:17","slug":"eu-richtlinie-fur-mindestlohn-muss-geandert-werden","status":"publish","type":"post","link":"https:\/\/swen-mercer.com\/de\/eu-richtlinie-fur-mindestlohn-muss-geandert-werden\/","title":{"rendered":"EU-Richtlinie f\u00fcr Mindestlohn muss ge\u00e4ndert werden"},"content":{"rendered":"<p>Die EU wollte also mal wieder den ganz gro\u00dfen Wurf landen: eine Richtlinie f\u00fcr den Mindestlohn, die sich \u00fcber nationale Grenzen hinwegspannt wie ein schlecht gespannter Spaghetti-Vorhang im Urlaubshotel. Und was passiert? Der Europ\u00e4ische Gerichtshof schaut sich das Werk an, seufzt tief und sagt sinngem\u00e4\u00df: \u201eDanke, aber nein danke.\u201c<\/p>\n<p>Denn \u2013 \u00dcberraschung des Jahrzehnts \u2013 Lohnpolitik ist doch tats\u00e4chlich L\u00e4ndersache. Wer h\u00e4tte gedacht, dass L\u00e4nder wie Bulgarien, Schweden und Portugal vielleicht unterschiedliche Vorstellungen davon haben, was \u201eexistenzsichernder Lohn\u201c bedeutet? Kleiner Tipp: In Schweden bekommt der Durchschnittsarbeiter mehr f\u00fcrs Nichtarbeiten als anderswo f\u00fcrs Rackern. Kein Wunder also, dass der EuGH meinte: \u201eLasst mal die Mitgliedsstaaten selber entscheiden. Die wissen immerhin, wie viele Kartoffeln man sich dort von einem Euro leisten kann.\u201c<\/p>\n<p>Aber keine Panik, Deutschland! Ihr k\u00f6nnt euch wieder beruhigt eure Bio-Dinkelbr\u00f6tchen vom Mindestlohn leisten. F\u00fcr euch \u00e4ndert sich erstmal\u2026 nix. Was f\u00fcr ein Gl\u00fcck! Denn was w\u00e4re schlimmer, als an einem Sonntagmorgen dar\u00fcber diskutieren zu m\u00fcssen, ob der gesetzliche Mindestlohn jetzt von Luxemburg oder Br\u00fcssel verwaltet wird?<\/p>\n<p>Die EU hatte tats\u00e4chlich geglaubt, sie k\u00f6nne mit einer Regel alle Probleme aller L\u00e4nder l\u00f6sen. Das ist ungef\u00e4hr so, als w\u00fcrde man einem B\u00e4ren ein veganes Di\u00e4tprogramm aufzwingen wollen \u2013 ambitioniert, aber nicht ganz durchdacht. <\/p>\n<p>Also, was lernen wir daraus? Dass sogar eine supranationale Mega-Beh\u00f6rde manchmal zur\u00fcckgepfiffen wird, wenn sie versucht, aus Mindestlohnpolitik eine One-size-fits-all-Stretchjeans zu machen. Und Europa so: \u201eDanke f\u00fcr den Modeversuch, aber ich bleib lieber bei meiner alten Jogginghose aus den 90ern \u2013 die ist bequem und passt wenigstens.\u201c<\/p>\n<p>Bleibt nur zu hoffen, dass die n\u00e4chste EU-Richtlinie nicht versucht, auch die nationale Brotsortenvielfalt zu vereinheitlichen. Sonst gibt es bald europ\u00e4isch standardisierte Croissant-Salami-Schrippen mit Herkunftsschutzsiegel. Und dann, meine Lieben, ist der Kontinent wirklich verloren.<\/p>\n","protected":false},"excerpt":{"rendered":"<p>Die EU wollte also mal wieder den ganz gro\u00dfen Wurf landen: eine Richtlinie f\u00fcr den Mindestlohn, die sich \u00fcber nationale Grenzen hinwegspannt wie ein schlecht gespannter Spaghetti-Vorhang im Urlaubshotel. Und was passiert? Der Europ\u00e4ische Gerichtshof schaut sich das Werk an, seufzt tief und sagt sinngem\u00e4\u00df: \u201eDanke, aber nein danke.\u201c Denn \u2013 \u00dcberraschung des Jahrzehnts \u2013&#8230;<\/p>\n","protected":false},"author":2,"featured_media":0,"comment_status":"","ping_status":"open","sticky":false,"template":"","format":"standard","meta":{"_kad_blocks_custom_css":"","_kad_blocks_head_custom_js":"","_kad_blocks_body_custom_js":"","_kad_blocks_footer_custom_js":"","_kad_post_transparent":"","_kad_post_title":"","_kad_post_layout":"","_kad_post_sidebar_id":"","_kad_post_content_style":"","_kad_post_vertical_padding":"","_kad_post_feature":"","_kad_post_feature_position":"","_kad_post_header":false,"_kad_post_footer":false,"footnotes":""},"categories":[3],"tags":[],"class_list":["post-868","post","type-post","status-publish","format-standard","hentry","category-news"],"taxonomy_info":{"category":[{"value":3,"label":"News"}]},"featured_image_src_large":false,"author_info":{"display_name":"blogger","author_link":"https:\/\/swen-mercer.com\/de\/author\/blogger\/"},"comment_info":0,"category_info":[{"term_id":3,"name":"News","slug":"news","term_group":0,"term_taxonomy_id":3,"taxonomy":"category","description":"","parent":0,"count":93,"filter":"raw","cat_ID":3,"category_count":93,"category_description":"","cat_name":"News","category_nicename":"news","category_parent":0}],"tag_info":false,"_links":{"self":[{"href":"https:\/\/swen-mercer.com\/de\/wp-json\/wp\/v2\/posts\/868","targetHints":{"allow":["GET"]}}],"collection":[{"href":"https:\/\/swen-mercer.com\/de\/wp-json\/wp\/v2\/posts"}],"about":[{"href":"https:\/\/swen-mercer.com\/de\/wp-json\/wp\/v2\/types\/post"}],"author":[{"embeddable":true,"href":"https:\/\/swen-mercer.com\/de\/wp-json\/wp\/v2\/users\/2"}],"replies":[{"embeddable":true,"href":"https:\/\/swen-mercer.com\/de\/wp-json\/wp\/v2\/comments?post=868"}],"version-history":[{"count":0,"href":"https:\/\/swen-mercer.com\/de\/wp-json\/wp\/v2\/posts\/868\/revisions"}],"wp:attachment":[{"href":"https:\/\/swen-mercer.com\/de\/wp-json\/wp\/v2\/media?parent=868"}],"wp:term":[{"taxonomy":"category","embeddable":true,"href":"https:\/\/swen-mercer.com\/de\/wp-json\/wp\/v2\/categories?post=868"},{"taxonomy":"post_tag","embeddable":true,"href":"https:\/\/swen-mercer.com\/de\/wp-json\/wp\/v2\/tags?post=868"}],"curies":[{"name":"wp","href":"https:\/\/api.w.org\/{rel}","templated":true}]}}