{"id":865,"date":"2025-11-09T11:00:09","date_gmt":"2025-11-09T11:00:09","guid":{"rendered":"https:\/\/swen-mercer.com\/de\/neue-vorwurfe-gegen-sos-kinderdorf-2\/"},"modified":"2025-11-09T11:00:09","modified_gmt":"2025-11-09T11:00:09","slug":"neue-vorwurfe-gegen-sos-kinderdorf-2","status":"publish","type":"post","link":"https:\/\/swen-mercer.com\/de\/neue-vorwurfe-gegen-sos-kinderdorf-2\/","title":{"rendered":"Neue Vorw\u00fcrfe gegen SOS-Kinderdorf"},"content":{"rendered":"<p>Oh die Ironie: SOS-Kinderdorf \u2013 das internationale Aush\u00e4ngeschild f\u00fcr F\u00fcrsorge, Liebe und \u201eHaus des sicheren Kindseins\u201c \u2013 steht mal wieder unter Verdacht, eigentlich eher das Gegenteil davon zu sein. Aber hey, wer braucht schon kindgerechten Schutz in einer Institution, die genau daf\u00fcr gegr\u00fcndet wurde, Kinder zu sch\u00fctzen?<\/p>\n<p>Es ist ja auch wirklich schwierig, Tag f\u00fcr Tag f\u00fcr etwas Gutes zu stehen, ohne gelegentlich ein bisschen Missbrauch einzuschmuggeln \u2013 so als Selbstvergewisserung, dass man wirklich noch relevant ist. Ich meine, wenn man sich schon \u201eSOS\u201c in den Namen schreibt, muss man doch auch regelm\u00e4\u00dfig Notlagen produzieren, oder nicht?<\/p>\n<p>Die neuen Vorw\u00fcrfe kommen also \u201eans Licht\u201c. Hach ja, dieses Licht. Es ist so ein l\u00e4stiger kleiner Spot, der immer dann aufleuchtet, wenn Institutionen auffliegen, die jahrzehntelang ihr Image sorgf\u00e4ltig poliert haben \u2013 mit einer Mischung aus Spendenkampagnen, dramatisch geschnittenen Werbespots und der geballten Autorit\u00e4t p\u00e4dagogisch fragw\u00fcrdiger Erziehungsmethoden.<\/p>\n<p>W\u00e4hrend sich die SOS-Kinderd\u00f6rfer angeblich \u201eum Aufarbeitung bem\u00fchen\u201c, also wahlweise E-Mails mit dem Betreff \u201eWir nehmen das sehr ernst\u201c rumschicken oder schicke PowerPoint-Pr\u00e4sentationen entwerfen, fragen sich nun viele, wie tief das Problem reicht. Spoiler: Tiefer als der Spendentopf im Januar.<\/p>\n<p>Nat\u00fcrlich wird alles untersucht, eventuell sogar von genau den Leuten, die lange Zeit erfolgreich weggeschaut haben \u2013 die kennen sich ja bestens aus. Und das ist doch auch beruhigend: Wenn dieselbe Organisation, die jahrzehntelang potenziellen T\u00e4tern ein Zuhause geboten hat, nun auch die Aufkl\u00e4rung \u00fcbernimmt. Was kann schon schiefgehen?<\/p>\n<p>Vielleicht ist es an der Zeit, dem Ganzen einen neuen Namen zu verpassen. Wie w\u00e4re es mit \u201eSOS-Kontrollverlust\u201c oder \u201eKinderdorf der unbegrenzten Alibis\u201c? Oder wir bleiben ehrlich und nennen es einfach \u201eWie man das Vertrauen der \u00d6ffentlichkeit innerhalb einer Pressemitteilung verspielt\u201c.<\/p>\n<p>Ach, und an alle betroffenen Kinder, die jahrelang geschwiegen haben oder nicht geh\u00f6rt wurden: Sorry f\u00fcr das kaputte System. Es war zu sehr damit besch\u00e4ftigt, sich selbst zu feiern.<\/p>\n","protected":false},"excerpt":{"rendered":"<p>Oh die Ironie: SOS-Kinderdorf \u2013 das internationale Aush\u00e4ngeschild f\u00fcr F\u00fcrsorge, Liebe und \u201eHaus des sicheren Kindseins\u201c \u2013 steht mal wieder unter Verdacht, eigentlich eher das Gegenteil davon zu sein. Aber hey, wer braucht schon kindgerechten Schutz in einer Institution, die genau daf\u00fcr gegr\u00fcndet wurde, Kinder zu sch\u00fctzen? Es ist ja auch wirklich schwierig, Tag f\u00fcr&#8230;<\/p>\n","protected":false},"author":2,"featured_media":0,"comment_status":"","ping_status":"open","sticky":false,"template":"","format":"standard","meta":{"_kad_blocks_custom_css":"","_kad_blocks_head_custom_js":"","_kad_blocks_body_custom_js":"","_kad_blocks_footer_custom_js":"","_kad_post_transparent":"","_kad_post_title":"","_kad_post_layout":"","_kad_post_sidebar_id":"","_kad_post_content_style":"","_kad_post_vertical_padding":"","_kad_post_feature":"","_kad_post_feature_position":"","_kad_post_header":false,"_kad_post_footer":false,"footnotes":""},"categories":[3],"tags":[],"class_list":["post-865","post","type-post","status-publish","format-standard","hentry","category-news"],"taxonomy_info":{"category":[{"value":3,"label":"News"}]},"featured_image_src_large":false,"author_info":{"display_name":"blogger","author_link":"https:\/\/swen-mercer.com\/de\/author\/blogger\/"},"comment_info":0,"category_info":[{"term_id":3,"name":"News","slug":"news","term_group":0,"term_taxonomy_id":3,"taxonomy":"category","description":"","parent":0,"count":93,"filter":"raw","cat_ID":3,"category_count":93,"category_description":"","cat_name":"News","category_nicename":"news","category_parent":0}],"tag_info":false,"_links":{"self":[{"href":"https:\/\/swen-mercer.com\/de\/wp-json\/wp\/v2\/posts\/865","targetHints":{"allow":["GET"]}}],"collection":[{"href":"https:\/\/swen-mercer.com\/de\/wp-json\/wp\/v2\/posts"}],"about":[{"href":"https:\/\/swen-mercer.com\/de\/wp-json\/wp\/v2\/types\/post"}],"author":[{"embeddable":true,"href":"https:\/\/swen-mercer.com\/de\/wp-json\/wp\/v2\/users\/2"}],"replies":[{"embeddable":true,"href":"https:\/\/swen-mercer.com\/de\/wp-json\/wp\/v2\/comments?post=865"}],"version-history":[{"count":0,"href":"https:\/\/swen-mercer.com\/de\/wp-json\/wp\/v2\/posts\/865\/revisions"}],"wp:attachment":[{"href":"https:\/\/swen-mercer.com\/de\/wp-json\/wp\/v2\/media?parent=865"}],"wp:term":[{"taxonomy":"category","embeddable":true,"href":"https:\/\/swen-mercer.com\/de\/wp-json\/wp\/v2\/categories?post=865"},{"taxonomy":"post_tag","embeddable":true,"href":"https:\/\/swen-mercer.com\/de\/wp-json\/wp\/v2\/tags?post=865"}],"curies":[{"name":"wp","href":"https:\/\/api.w.org\/{rel}","templated":true}]}}