{"id":864,"date":"2025-11-08T16:01:31","date_gmt":"2025-11-08T16:01:31","guid":{"rendered":"https:\/\/swen-mercer.com\/de\/neue-vorwurfe-gegen-sos-kinderdorf\/"},"modified":"2025-11-08T16:01:31","modified_gmt":"2025-11-08T16:01:31","slug":"neue-vorwurfe-gegen-sos-kinderdorf","status":"publish","type":"post","link":"https:\/\/swen-mercer.com\/de\/neue-vorwurfe-gegen-sos-kinderdorf\/","title":{"rendered":"Neue Vorw\u00fcrfe gegen SOS-Kinderdorf"},"content":{"rendered":"<p>Neues aus der Abteilung \u201eIronie streichelt Zynismus wie ein schlecht gelaunter Golden Retriever\u201c: Die SOS-Kinderd\u00f6rfer \u2013 ja, genau die Einrichtung, deren Name schon klingt, als h\u00e4tte Mutter Teresa pers\u00f6nlich ihn mit bunten Wachsmalstiften auf eine Regenbogenwolke geschrieben \u2013 stehen mal wieder im Rampenlicht. Aber diesmal nicht f\u00fcr ihre herzergreifenden Werbebrosch\u00fcren mit Kulleraugenkindern, sondern wegen \u201eneuer Vorw\u00fcrfe\u201c. Gewalt und Missbrauch. Schon wieder. \u00dcberraschung? Eher so viel wie ein Regenschauer in London im November.<\/p>\n<p>Es ist beeindruckend, wie oft man das Wort \u201eSchutzraum\u201c verwenden kann, ohne dabei laut hysterisch zu lachen. Aber gut, es scheint, als w\u00e4re \u201eSchutzraum\u201c bei SOS-Kinderdorf eher eine lose Definition \u2013 offenbar eine Art kreatives Konzept, das irgendwo zwischen \u201eemotionales Tr\u00fcmmerfeld\u201c und \u201ep\u00e4dagogischer Albtraum\u201c rangiert. <\/p>\n<p>Aber hey, immerhin \u201ebem\u00fcht\u201c sich die Organisation um Aufarbeitung. Und das ist ja schon mal was! Bem\u00fchen ist bekanntlich die Lieblingshaltung deutscher Institutionen in der Krise. Nach dem Motto: \u201eWir w\u00fcrden ja gerne was tun, aber das ist alles so schrecklich kompliziert \u2013 au\u00dferdem haben wir gerade einen Diversity-Workshop!\u201c<\/p>\n<p>Nat\u00fcrlich ist jetzt wieder die PR-Maschinerie auf Hochtouren. Man kennt das ja: Betroffenheitsgesicht aufsetzen, am besten mit leicht glasigen Augen in die Kamera schauen und sagen, dass man \u201eersch\u00fcttert\u201c ist. Und dann irgendeine externe Kommission beauftragen, deren Arbeit dann drei Jahre sp\u00e4ter in einem 487-seitigen Bericht m\u00fcndet, den niemand liest \u2013 au\u00dfer ein paar Journalisten auf Koffeinschwemme und ein Praktikant mit Existenzkrise.<\/p>\n<p>Fragt sich nur, wie oft eine Einrichtung eigentlich noch \u201eersch\u00fcttert\u201c sein darf, bevor man ihr das Fundament aus dem ethischen Beton kippt. Und wie viele \u201eneue Vorw\u00fcrfe\u201c es noch braucht, bis man merkt, dass man vielleicht kein weiteres Dorf bauen sollte, sondern einfach mal ein paar Verantwortliche zur Abwechslung NICHT in den Ruhestand verabschiedet, sondern eventuell in Richtung Strafverfolgung.<\/p>\n<p>Aber was wei\u00df ich schon \u2013 ich bin ja blo\u00df ein zynischer Narr mit WLAN. W\u00e4hrenddessen h\u00e4ngt irgendwo in einem Konferenzraum ein Motivationsposter mit einem Sonnenuntergang \u00fcber dem Ozean und der Aufschrift: \u201eKinder sind unsere Zukunft.\u201c S\u00fc\u00df. Nur leider scheinen das einige immer noch mit \u201eVersuchskaninchen\u201c zu verwechseln.<\/p>\n","protected":false},"excerpt":{"rendered":"<p>Neues aus der Abteilung \u201eIronie streichelt Zynismus wie ein schlecht gelaunter Golden Retriever\u201c: Die SOS-Kinderd\u00f6rfer \u2013 ja, genau die Einrichtung, deren Name schon klingt, als h\u00e4tte Mutter Teresa pers\u00f6nlich ihn mit bunten Wachsmalstiften auf eine Regenbogenwolke geschrieben \u2013 stehen mal wieder im Rampenlicht. Aber diesmal nicht f\u00fcr ihre herzergreifenden Werbebrosch\u00fcren mit Kulleraugenkindern, sondern wegen \u201eneuer&#8230;<\/p>\n","protected":false},"author":2,"featured_media":0,"comment_status":"","ping_status":"open","sticky":false,"template":"","format":"standard","meta":{"_kad_blocks_custom_css":"","_kad_blocks_head_custom_js":"","_kad_blocks_body_custom_js":"","_kad_blocks_footer_custom_js":"","_kad_post_transparent":"","_kad_post_title":"","_kad_post_layout":"","_kad_post_sidebar_id":"","_kad_post_content_style":"","_kad_post_vertical_padding":"","_kad_post_feature":"","_kad_post_feature_position":"","_kad_post_header":false,"_kad_post_footer":false,"footnotes":""},"categories":[3],"tags":[],"class_list":["post-864","post","type-post","status-publish","format-standard","hentry","category-news"],"taxonomy_info":{"category":[{"value":3,"label":"News"}]},"featured_image_src_large":false,"author_info":{"display_name":"blogger","author_link":"https:\/\/swen-mercer.com\/de\/author\/blogger\/"},"comment_info":0,"category_info":[{"term_id":3,"name":"News","slug":"news","term_group":0,"term_taxonomy_id":3,"taxonomy":"category","description":"","parent":0,"count":93,"filter":"raw","cat_ID":3,"category_count":93,"category_description":"","cat_name":"News","category_nicename":"news","category_parent":0}],"tag_info":false,"_links":{"self":[{"href":"https:\/\/swen-mercer.com\/de\/wp-json\/wp\/v2\/posts\/864","targetHints":{"allow":["GET"]}}],"collection":[{"href":"https:\/\/swen-mercer.com\/de\/wp-json\/wp\/v2\/posts"}],"about":[{"href":"https:\/\/swen-mercer.com\/de\/wp-json\/wp\/v2\/types\/post"}],"author":[{"embeddable":true,"href":"https:\/\/swen-mercer.com\/de\/wp-json\/wp\/v2\/users\/2"}],"replies":[{"embeddable":true,"href":"https:\/\/swen-mercer.com\/de\/wp-json\/wp\/v2\/comments?post=864"}],"version-history":[{"count":0,"href":"https:\/\/swen-mercer.com\/de\/wp-json\/wp\/v2\/posts\/864\/revisions"}],"wp:attachment":[{"href":"https:\/\/swen-mercer.com\/de\/wp-json\/wp\/v2\/media?parent=864"}],"wp:term":[{"taxonomy":"category","embeddable":true,"href":"https:\/\/swen-mercer.com\/de\/wp-json\/wp\/v2\/categories?post=864"},{"taxonomy":"post_tag","embeddable":true,"href":"https:\/\/swen-mercer.com\/de\/wp-json\/wp\/v2\/tags?post=864"}],"curies":[{"name":"wp","href":"https:\/\/api.w.org\/{rel}","templated":true}]}}