{"id":539,"date":"2025-10-01T10:00:08","date_gmt":"2025-10-01T10:00:08","guid":{"rendered":"https:\/\/swen-mercer.com\/de\/?p=539"},"modified":"2025-10-01T10:00:08","modified_gmt":"2025-10-01T10:00:08","slug":"portugal-verscharft-auslandergesetz","status":"publish","type":"post","link":"https:\/\/swen-mercer.com\/de\/portugal-verscharft-auslandergesetz\/","title":{"rendered":"Portugal versch\u00e4rft Ausl\u00e4ndergesetz"},"content":{"rendered":"<p>Ach, Portugal. Das kleine Land mit den gro\u00dfen Wellen, s\u00fc\u00dfen Past\u00e9is de Nata und jetzt auch mit einem richtig trendigen neuen Ausl\u00e4ndergesetz. Sehr hip! Schlie\u00dflich ist es heutzutage total angesagt, Menschen daran zu hindern, irgendwo hinzugehen \u2013 oder schlimmer: dort zu bleiben.<\/p>\n<p>Mit vereinten Kr\u00e4ften haben sich also die Konservativen und Rechtspopulisten im Parlament gedacht: \u201eWas k\u00f6nnte Portugal noch besser machen? Mehr Sonne? Weniger B\u00fcrokratie? Ach Quatsch \u2013 weniger Ausl\u00e4nder!\u201c Und voil\u00e0, schon hat man der Welt ein brandneues Ausl\u00e4ndergesetz serviert. Bon App\u00e9tit!<\/p>\n<p>Die Linksopposition fand die Idee nat\u00fcrlich gar nicht \u201esaudade\u201c, wie man dort so sch\u00f6n sagt. Aber wer h\u00f6rt heute noch auf linke Idealvorstellungen wie Menschenrechte, Integration oder gar Empathie? Das w\u00e4re ja v\u00f6llig aus der Mode! Viel trendiger ist doch ein gutes altes \u201eRei\u00dft die Grenzen wieder hoch\u201c-Gef\u00fchl gepaart mit einer Prise \u201eLasst uns Portugal exklusiv machen \u2013 f\u00fcr Portugiesen, Touristen und Rentner mit dicken Bankkonten\u201c.<\/p>\n<p>Besonders innovativ: Statt sich zu fragen, wie man Migration sinnvoll gestalten k\u00f6nnte \u2013 vielleicht mit weniger b\u00fcrokratischen H\u00fcrden oder sogar einem kleinen bisschen Menschlichkeit \u2013, hat man sich in Lissabon gedacht: \u201eNein, wir machen\u2019s einfach schwerer f\u00fcr alle. Das klingt doch nach Effizienz!\u201c<\/p>\n<p>Und wer wei\u00df, vielleicht ist das ja auch eine geheime Marketingstrategie. Weil wie lockt man sonst internationale Aufmerksamkeit, wenn man kein Fu\u00dfballturnier gewinnt? Richtig: Mit einem Gesetz, das sich andere EU-Staaten schon mal auf den Merkzettel setzen k\u00f6nnen. Der Brexit war gestern, der \u201ePortugexit \u2013 aber nur f\u00fcr Migranten\u201c ist die Zukunft!<\/p>\n<p>Aber keine Sorge, liebe Expats mit Algarve-Sonnenbrand: Solange ihr eure Immobilien fein bezahlt, in Caf\u00e9s h\u00f6flich \u201eBom dia\u201c sagt und euch nicht ins portugiesische Gesundheitssystem verirrt, seid ihr vermutlich sicher.<\/p>\n<p>Bravo, Portugal! Ihr macht aus \u201eWillkommen\u201c gerade \u201eKomm besser nicht\u201c \u2013 klingt wie ein Slogan mit Zukunftspotential. Und wenn\u2019s gar nicht gut l\u00e4uft, kann man ja immer noch hoffen, dass Ronaldo eines Tages Premierminister wird. Der h\u00e4tte wenigstens Erfahrung mit Ein- und Auswechslungen.<\/p>\n","protected":false},"excerpt":{"rendered":"<p>Ach, Portugal. Das kleine Land mit den gro\u00dfen Wellen, s\u00fc\u00dfen Past\u00e9is de Nata und jetzt auch mit einem richtig trendigen neuen Ausl\u00e4ndergesetz. Sehr hip! Schlie\u00dflich ist es heutzutage total angesagt, Menschen daran zu hindern, irgendwo hinzugehen \u2013 oder schlimmer: dort zu bleiben. Mit vereinten Kr\u00e4ften haben sich also die Konservativen und Rechtspopulisten im Parlament gedacht:&#8230;<\/p>\n","protected":false},"author":2,"featured_media":0,"comment_status":"","ping_status":"open","sticky":false,"template":"","format":"standard","meta":{"_kad_blocks_custom_css":"","_kad_blocks_head_custom_js":"","_kad_blocks_body_custom_js":"","_kad_blocks_footer_custom_js":"","_kad_post_transparent":"","_kad_post_title":"","_kad_post_layout":"","_kad_post_sidebar_id":"","_kad_post_content_style":"","_kad_post_vertical_padding":"","_kad_post_feature":"","_kad_post_feature_position":"","_kad_post_header":false,"_kad_post_footer":false,"footnotes":""},"categories":[3],"tags":[],"class_list":["post-539","post","type-post","status-publish","format-standard","hentry","category-news"],"taxonomy_info":{"category":[{"value":3,"label":"News"}]},"featured_image_src_large":false,"author_info":{"display_name":"blogger","author_link":"https:\/\/swen-mercer.com\/de\/author\/blogger\/"},"comment_info":0,"category_info":[{"term_id":3,"name":"News","slug":"news","term_group":0,"term_taxonomy_id":3,"taxonomy":"category","description":"","parent":0,"count":93,"filter":"raw","cat_ID":3,"category_count":93,"category_description":"","cat_name":"News","category_nicename":"news","category_parent":0}],"tag_info":false,"_links":{"self":[{"href":"https:\/\/swen-mercer.com\/de\/wp-json\/wp\/v2\/posts\/539","targetHints":{"allow":["GET"]}}],"collection":[{"href":"https:\/\/swen-mercer.com\/de\/wp-json\/wp\/v2\/posts"}],"about":[{"href":"https:\/\/swen-mercer.com\/de\/wp-json\/wp\/v2\/types\/post"}],"author":[{"embeddable":true,"href":"https:\/\/swen-mercer.com\/de\/wp-json\/wp\/v2\/users\/2"}],"replies":[{"embeddable":true,"href":"https:\/\/swen-mercer.com\/de\/wp-json\/wp\/v2\/comments?post=539"}],"version-history":[{"count":0,"href":"https:\/\/swen-mercer.com\/de\/wp-json\/wp\/v2\/posts\/539\/revisions"}],"wp:attachment":[{"href":"https:\/\/swen-mercer.com\/de\/wp-json\/wp\/v2\/media?parent=539"}],"wp:term":[{"taxonomy":"category","embeddable":true,"href":"https:\/\/swen-mercer.com\/de\/wp-json\/wp\/v2\/categories?post=539"},{"taxonomy":"post_tag","embeddable":true,"href":"https:\/\/swen-mercer.com\/de\/wp-json\/wp\/v2\/tags?post=539"}],"curies":[{"name":"wp","href":"https:\/\/api.w.org\/{rel}","templated":true}]}}