{"id":538,"date":"2025-09-30T10:00:11","date_gmt":"2025-09-30T10:00:11","guid":{"rendered":"https:\/\/swen-mercer.com\/de\/?p=538"},"modified":"2025-09-30T10:00:11","modified_gmt":"2025-09-30T10:00:11","slug":"mohammed-karikaturen-die-ein-protest-feuer-entfachten","status":"publish","type":"post","link":"https:\/\/swen-mercer.com\/de\/mohammed-karikaturen-die-ein-protest-feuer-entfachten\/","title":{"rendered":"Mohammed-Karikaturen, die ein Protest-Feuer entfachten"},"content":{"rendered":"<p>Nat\u00fcrlich! Nichts bringt V\u00f6lker zusammen wie ein lustig gemeinter Cartoon mit geopolitischer Z\u00fcndschnur. Vor 20 Jahren dachte sich die d\u00e4nische Zeitung Jyllands-Posten: \u201eWei\u00dft du, was wirklich fehlt in der internationalen Diplomatie? Ein paar heitere Karikaturen vom Propheten Mohammed.\u201c Denn wenn\u2019s eins gibt, was religi\u00f6se Fundamentalisten lieben, dann ist es ein gepflegter satirischer Federstrich \u00fcber das Herzst\u00fcck ihrer Weltanschauung. Comedy Gold!<\/p>\n<p>Die Reaktion? Weltweite Proteste, brennende Botschaften, internationale Boykotte und mehr verbrannte Flaggen als in einem pyromanischen Fahnenlager. Ein echter PR-Traum f\u00fcr D\u00e4nemark \u2013 wer h\u00e4tte gedacht, dass eine skandinavische Zeitung zur Speerspitze globaler Kulturkonflikte avancieren k\u00f6nnte?<\/p>\n<p>Und jetzt, zwei Jahrzehnte sp\u00e4ter, ringt D\u00e4nemark immer noch mit der Frage: \u201eWar das jetzt Meinungsfreiheit oder einfach nur ein selbstgebasteltes diplomatisches Eigentor der Deluxe-Klasse?\u201c Schwierig zu sagen. In einer Welt, in der das Posten von Fr\u00fchst\u00fccksfotos auf Instagram von manchen bereits als \u201emutiger gesellschaftlicher Beitrag\u201c gefeiert wird, ist vielleicht alles Kunst, solange man sich hinter dem Begriff \u201eSatire\u201c verstecken kann.<\/p>\n<p>Nat\u00fcrlich wurde die Diskussion nie wirklich abgeschlossen. Denn wenn es eines gibt, das sich der Homo Politicus nicht nehmen l\u00e4sst, dann ist es das Recht, massiv \u00d6l ins Feuer zu gie\u00dfen und dann emp\u00f6rt zur\u00fcckzuschauen, w\u00e4hrend alles brennt \u2013 metaphorisch und buchst\u00e4blich. Da kann auch mal eine komplette d\u00e4nische Au\u00dfenpolitik mit in Flammen stehen, Hauptsache der Cartoonist hat sich kreativ ausgetobt.<\/p>\n<p>Aber hey, immerhin hat D\u00e4nemark jetzt einen Eintrag in jedem Lehrbuch zum Thema \u201eWie versch\u00e4rft man internationale Spannungen in Rekordzeit\u201c. Alle Achtung.<\/p>\n<p>Und w\u00e4hrend man in Kopenhagen noch immer dar\u00fcber debattiert, ob das Ganze ein heroischer Akt der freien Rede oder einfach eine Karikatur des gesunden Menschenverstands war, z\u00fcnden anderswo Menschen fr\u00f6hlich d\u00e4nische F\u00e4hnlein an. Eine Art kulturelles Austauschprogramm \u2013 allerdings mit weniger Erasmus und mehr Eskalation.<\/p>\n<p>Fazit: Karikaturen k\u00f6nnen die Welt ver\u00e4ndern. Nur leider selten in eine Richtung, in der man ruhige N\u00e4chte hat. Aber hey, Freiheit hat halt ihren Preis \u2013 vor allem, wenn man ihn auf der Kreditkarte von internationalen Beziehungen bucht.<\/p>\n<p>Na dann, fr\u00f6hliches Erinnern. Und denkt daran: Zeichnen kann gef\u00e4hrlich sein \u2013 besonders wenn man keine Ahnung hat, wann das Bild vielleicht lieber im Skizzenbuch h\u00e4tte bleiben sollen.<\/p>\n","protected":false},"excerpt":{"rendered":"<p>Nat\u00fcrlich! Nichts bringt V\u00f6lker zusammen wie ein lustig gemeinter Cartoon mit geopolitischer Z\u00fcndschnur. Vor 20 Jahren dachte sich die d\u00e4nische Zeitung Jyllands-Posten: \u201eWei\u00dft du, was wirklich fehlt in der internationalen Diplomatie? Ein paar heitere Karikaturen vom Propheten Mohammed.\u201c Denn wenn\u2019s eins gibt, was religi\u00f6se Fundamentalisten lieben, dann ist es ein gepflegter satirischer Federstrich \u00fcber das&#8230;<\/p>\n","protected":false},"author":2,"featured_media":0,"comment_status":"","ping_status":"open","sticky":false,"template":"","format":"standard","meta":{"_kad_blocks_custom_css":"","_kad_blocks_head_custom_js":"","_kad_blocks_body_custom_js":"","_kad_blocks_footer_custom_js":"","_kad_post_transparent":"","_kad_post_title":"","_kad_post_layout":"","_kad_post_sidebar_id":"","_kad_post_content_style":"","_kad_post_vertical_padding":"","_kad_post_feature":"","_kad_post_feature_position":"","_kad_post_header":false,"_kad_post_footer":false,"footnotes":""},"categories":[3],"tags":[],"class_list":["post-538","post","type-post","status-publish","format-standard","hentry","category-news"],"taxonomy_info":{"category":[{"value":3,"label":"News"}]},"featured_image_src_large":false,"author_info":{"display_name":"blogger","author_link":"https:\/\/swen-mercer.com\/de\/author\/blogger\/"},"comment_info":0,"category_info":[{"term_id":3,"name":"News","slug":"news","term_group":0,"term_taxonomy_id":3,"taxonomy":"category","description":"","parent":0,"count":93,"filter":"raw","cat_ID":3,"category_count":93,"category_description":"","cat_name":"News","category_nicename":"news","category_parent":0}],"tag_info":false,"_links":{"self":[{"href":"https:\/\/swen-mercer.com\/de\/wp-json\/wp\/v2\/posts\/538","targetHints":{"allow":["GET"]}}],"collection":[{"href":"https:\/\/swen-mercer.com\/de\/wp-json\/wp\/v2\/posts"}],"about":[{"href":"https:\/\/swen-mercer.com\/de\/wp-json\/wp\/v2\/types\/post"}],"author":[{"embeddable":true,"href":"https:\/\/swen-mercer.com\/de\/wp-json\/wp\/v2\/users\/2"}],"replies":[{"embeddable":true,"href":"https:\/\/swen-mercer.com\/de\/wp-json\/wp\/v2\/comments?post=538"}],"version-history":[{"count":0,"href":"https:\/\/swen-mercer.com\/de\/wp-json\/wp\/v2\/posts\/538\/revisions"}],"wp:attachment":[{"href":"https:\/\/swen-mercer.com\/de\/wp-json\/wp\/v2\/media?parent=538"}],"wp:term":[{"taxonomy":"category","embeddable":true,"href":"https:\/\/swen-mercer.com\/de\/wp-json\/wp\/v2\/categories?post=538"},{"taxonomy":"post_tag","embeddable":true,"href":"https:\/\/swen-mercer.com\/de\/wp-json\/wp\/v2\/tags?post=538"}],"curies":[{"name":"wp","href":"https:\/\/api.w.org\/{rel}","templated":true}]}}