{"id":537,"date":"2025-09-29T10:00:10","date_gmt":"2025-09-29T10:00:10","guid":{"rendered":"https:\/\/swen-mercer.com\/de\/?p=537"},"modified":"2025-09-29T10:00:10","modified_gmt":"2025-09-29T10:00:10","slug":"verscharfte-sicherheitsmasnahmen-nach-drohnenvorfallen-in-danemark","status":"publish","type":"post","link":"https:\/\/swen-mercer.com\/de\/verscharfte-sicherheitsmasnahmen-nach-drohnenvorfallen-in-danemark\/","title":{"rendered":"Versch\u00e4rfte Sicherheitsma\u00dfnahmen nach Drohnenvorf\u00e4llen in D\u00e4nemark"},"content":{"rendered":"<p>Breaking News von der skandinavischen Front der fliegenden Verwirrung: In D\u00e4nemark wurden erneut Drohnen gesichtet, was offenbar genau das n\u00f6tige Ma\u00df an Chaos ist, das man braucht, um endlich mal den Sicherheitsapparat auf Trab zu bringen. Und wie reagiert man auf unidentifizierte Flugobjekte? Richtig \u2013 man schickt eine FREGATTE! Logisch, denn wenn etwas \u00fcber deinem Kopf herumsurrt, hilft am besten ein riesiges Boot mit Kanonen. <\/p>\n<p>Die deutsche Marine parkt also nun ihre Fregatte \u201eHamburg\u201c stilecht im Kopenhagener Hafen. F\u00fcr das Selfie mit dem Hashtag #WeStandWithDenmark ist damit gesorgt. Ich nehme an, das macht total Sinn, wenn die Drohnen spontan anfangen sollten, ins Wasser zu tauchen.<\/p>\n<p>W\u00e4hrend alle r\u00e4tseln, wer hinter den mysteri\u00f6sen Flugobjekten steckt \u2013 Spoiler Alert: Es ist vermutlich nicht die d\u00e4nische Version von Hobby-Drohnenpiloten Hans-Peter \u2013 bleibt die Unsicherheit gro\u00df. Russland wird verd\u00e4chtigt, weil\u2026 na ja, wann wird Russland eigentlich nicht verd\u00e4chtigt? Vielleicht war es auch einfach nur ein gelangweilter M\u00f6we mit DIY-Ambitionen. Wer wei\u00df das heute schon?<\/p>\n<p>Die Sicherheitsma\u00dfnahmen jedenfalls werden versch\u00e4rft \u2013 wahrscheinlich d\u00fcrfen bald nur noch Menschen mit Alu-Hut in die N\u00e4he von staatlichen Geb\u00e4uden. Der EU-Gipfel steht bevor, und da will man nat\u00fcrlich keine Ablenkung durch fliegende Waschmaschinen mit Kamera. <\/p>\n<p>Was bleibt? Vertrauen in die modernen Verteidigungsma\u00dfnahmen Europas: gro\u00dfe Schiffe gegen kleine Flugger\u00e4te. 2024 entwickelt sich so richtig oldschool \u2013 vielleicht werfen wir demn\u00e4chst auch einfach wieder Steine auf die Drohnen. Oder beten, dass sie auf Nieselregen allergisch reagieren.<\/p>\n<p>Bis dahin weiter beobachten, Panikstufe mittel, und immer sch\u00f6n Himmel scannen\u2026 man wei\u00df ja nie, ob der n\u00e4chste Brummton nicht doch ein russischer Spionageversuch oder nur Herr Petersen auf dem Weg zu seiner Modellbau-Ausstellung ist.<\/p>\n","protected":false},"excerpt":{"rendered":"<p>Breaking News von der skandinavischen Front der fliegenden Verwirrung: In D\u00e4nemark wurden erneut Drohnen gesichtet, was offenbar genau das n\u00f6tige Ma\u00df an Chaos ist, das man braucht, um endlich mal den Sicherheitsapparat auf Trab zu bringen. Und wie reagiert man auf unidentifizierte Flugobjekte? Richtig \u2013 man schickt eine FREGATTE! Logisch, denn wenn etwas \u00fcber deinem&#8230;<\/p>\n","protected":false},"author":2,"featured_media":0,"comment_status":"","ping_status":"open","sticky":false,"template":"","format":"standard","meta":{"_kad_blocks_custom_css":"","_kad_blocks_head_custom_js":"","_kad_blocks_body_custom_js":"","_kad_blocks_footer_custom_js":"","_kad_post_transparent":"","_kad_post_title":"","_kad_post_layout":"","_kad_post_sidebar_id":"","_kad_post_content_style":"","_kad_post_vertical_padding":"","_kad_post_feature":"","_kad_post_feature_position":"","_kad_post_header":false,"_kad_post_footer":false,"footnotes":""},"categories":[3],"tags":[],"class_list":["post-537","post","type-post","status-publish","format-standard","hentry","category-news"],"taxonomy_info":{"category":[{"value":3,"label":"News"}]},"featured_image_src_large":false,"author_info":{"display_name":"blogger","author_link":"https:\/\/swen-mercer.com\/de\/author\/blogger\/"},"comment_info":0,"category_info":[{"term_id":3,"name":"News","slug":"news","term_group":0,"term_taxonomy_id":3,"taxonomy":"category","description":"","parent":0,"count":93,"filter":"raw","cat_ID":3,"category_count":93,"category_description":"","cat_name":"News","category_nicename":"news","category_parent":0}],"tag_info":false,"_links":{"self":[{"href":"https:\/\/swen-mercer.com\/de\/wp-json\/wp\/v2\/posts\/537","targetHints":{"allow":["GET"]}}],"collection":[{"href":"https:\/\/swen-mercer.com\/de\/wp-json\/wp\/v2\/posts"}],"about":[{"href":"https:\/\/swen-mercer.com\/de\/wp-json\/wp\/v2\/types\/post"}],"author":[{"embeddable":true,"href":"https:\/\/swen-mercer.com\/de\/wp-json\/wp\/v2\/users\/2"}],"replies":[{"embeddable":true,"href":"https:\/\/swen-mercer.com\/de\/wp-json\/wp\/v2\/comments?post=537"}],"version-history":[{"count":0,"href":"https:\/\/swen-mercer.com\/de\/wp-json\/wp\/v2\/posts\/537\/revisions"}],"wp:attachment":[{"href":"https:\/\/swen-mercer.com\/de\/wp-json\/wp\/v2\/media?parent=537"}],"wp:term":[{"taxonomy":"category","embeddable":true,"href":"https:\/\/swen-mercer.com\/de\/wp-json\/wp\/v2\/categories?post=537"},{"taxonomy":"post_tag","embeddable":true,"href":"https:\/\/swen-mercer.com\/de\/wp-json\/wp\/v2\/tags?post=537"}],"curies":[{"name":"wp","href":"https:\/\/api.w.org\/{rel}","templated":true}]}}