{"id":507,"date":"2025-09-27T10:00:08","date_gmt":"2025-09-27T10:00:08","guid":{"rendered":"https:\/\/swen-mercer.com\/de\/?p=507"},"modified":"2025-09-29T01:30:32","modified_gmt":"2025-09-29T01:30:32","slug":"eu-will-sich-mit-abwehrsystem-gegen-drohnen-schutzen","status":"publish","type":"post","link":"https:\/\/swen-mercer.com\/de\/eu-will-sich-mit-abwehrsystem-gegen-drohnen-schutzen\/","title":{"rendered":"EU will sich mit Abwehrsystem gegen Drohnen sch\u00fctzen"},"content":{"rendered":"<p>Breaking News: Die EU hat beschlossen, dass man sich jetzt endlich gegen Drohnen mit einem ausgefuchsten Verteidigungssystem wehren will. Applaus bitte! Nach nur ein paar Jahren, hunderten Warnungen und einigen unbequemen Bruchlandungen \u00fcber EU-Gebiet ist man nun zu der bahnbrechenden Erkenntnis gelangt: \u201eOh, Moment mal\u2026 vielleicht sollten wir uns irgendwie sch\u00fctzen?\u201c Na sowas!<\/p>\n<p>Und das Allerbeste? Dieses hochmoderne \u201eDrohnenabwehrsystem\u201c soll die Ostflanke Europas sichern. Weil wenn eines sicher ist, dann dass Drohnen sich immer h\u00f6flich an geostrategische Linien halten. Westen? S\u00fcden? Norden? Ach, die Ostflanke klingt einfach cooler. Vielleicht wegen der ganzen NATO-Gef\u00fchle, irgendwas mit \u201eFrontlinie des Friedens\u201c oder so.<\/p>\n<p>Die Bundeswehr hat \u00fcbrigens auch gleich demonstriert, wie das dann funktioniert \u2013 mit der Abfangdrohne A1-Falke. Klingt wie ein neues Hybridmodell von Audi, fliegt aber vermutlich nicht ganz so leise. Red Storm Bravo hie\u00df die dazugeh\u00f6rige Gro\u00df\u00fcbung. Und wer jetzt denkt, das klingt wie ein neuer Call-of-Duty-DLC, liegt erstaunlich nah dran!<\/p>\n<p>Man fragt sich unweigerlich: Was war eigentlich vorher der Plan? Beten? Drohnen mit Fernbedienungen durch Elektrosmog verwirren? Vielleicht einfach NATO-Sticker auf die D\u00e4cher kleben, damit sie denken, \u201eIch bin einer von euch\u201c?<\/p>\n<p>Aber hey \u2013 Fortschritt ist Fortschritt. Auch wenn er sich mit typisch europ\u00e4ischer Geschwindigkeit bewegt: langsam, mit B\u00fcrokratie ausgestattet und wahrscheinlich von einer Kommission genehmigt, die von einer anderen Kommission \u00fcberwacht wird, deren Entscheidung dann erstmal zwei Jahre in einem Ausschuss liegt (mit optionalen K\u00e4seplatten).<\/p>\n<p>Wenigstens ist man jetzt wach geworden. Und ein Drohnenabwehrsystem \u2013 das hat was von Sci-Fi, nur eben in Br\u00fcssel-Tempo. Vielleicht schaffen wir\u2019s ja bis 2035 auch, WLAN in Z\u00fcgen hinzubekommen. Aber eins nach dem anderen.<\/p>\n","protected":false},"excerpt":{"rendered":"<p>Breaking News: Die EU hat beschlossen, dass man sich jetzt endlich gegen Drohnen mit einem ausgefuchsten Verteidigungssystem wehren will. Applaus bitte! Nach nur ein paar Jahren, hunderten Warnungen und einigen unbequemen Bruchlandungen \u00fcber EU-Gebiet ist man nun zu der bahnbrechenden Erkenntnis gelangt: \u201eOh, Moment mal\u2026 vielleicht sollten wir uns irgendwie sch\u00fctzen?\u201c Na sowas! Und das&#8230;<\/p>\n","protected":false},"author":2,"featured_media":0,"comment_status":"closed","ping_status":"open","sticky":false,"template":"","format":"standard","meta":{"_kad_blocks_custom_css":"","_kad_blocks_head_custom_js":"","_kad_blocks_body_custom_js":"","_kad_blocks_footer_custom_js":"","_kad_post_transparent":"","_kad_post_title":"","_kad_post_layout":"","_kad_post_sidebar_id":"","_kad_post_content_style":"","_kad_post_vertical_padding":"","_kad_post_feature":"","_kad_post_feature_position":"","_kad_post_header":false,"_kad_post_footer":false,"footnotes":""},"categories":[3,1],"tags":[],"class_list":["post-507","post","type-post","status-publish","format-standard","hentry","category-news","category-uncategorized"],"taxonomy_info":{"category":[{"value":3,"label":"News"},{"value":1,"label":"Uncategorized"}]},"featured_image_src_large":false,"author_info":{"display_name":"blogger","author_link":"https:\/\/swen-mercer.com\/de\/author\/blogger\/"},"comment_info":0,"category_info":[{"term_id":3,"name":"News","slug":"news","term_group":0,"term_taxonomy_id":3,"taxonomy":"category","description":"","parent":0,"count":93,"filter":"raw","cat_ID":3,"category_count":93,"category_description":"","cat_name":"News","category_nicename":"news","category_parent":0},{"term_id":1,"name":"Uncategorized","slug":"uncategorized","term_group":0,"term_taxonomy_id":1,"taxonomy":"category","description":"","parent":0,"count":27,"filter":"raw","cat_ID":1,"category_count":27,"category_description":"","cat_name":"Uncategorized","category_nicename":"uncategorized","category_parent":0}],"tag_info":false,"_links":{"self":[{"href":"https:\/\/swen-mercer.com\/de\/wp-json\/wp\/v2\/posts\/507","targetHints":{"allow":["GET"]}}],"collection":[{"href":"https:\/\/swen-mercer.com\/de\/wp-json\/wp\/v2\/posts"}],"about":[{"href":"https:\/\/swen-mercer.com\/de\/wp-json\/wp\/v2\/types\/post"}],"author":[{"embeddable":true,"href":"https:\/\/swen-mercer.com\/de\/wp-json\/wp\/v2\/users\/2"}],"replies":[{"embeddable":true,"href":"https:\/\/swen-mercer.com\/de\/wp-json\/wp\/v2\/comments?post=507"}],"version-history":[{"count":1,"href":"https:\/\/swen-mercer.com\/de\/wp-json\/wp\/v2\/posts\/507\/revisions"}],"predecessor-version":[{"id":521,"href":"https:\/\/swen-mercer.com\/de\/wp-json\/wp\/v2\/posts\/507\/revisions\/521"}],"wp:attachment":[{"href":"https:\/\/swen-mercer.com\/de\/wp-json\/wp\/v2\/media?parent=507"}],"wp:term":[{"taxonomy":"category","embeddable":true,"href":"https:\/\/swen-mercer.com\/de\/wp-json\/wp\/v2\/categories?post=507"},{"taxonomy":"post_tag","embeddable":true,"href":"https:\/\/swen-mercer.com\/de\/wp-json\/wp\/v2\/tags?post=507"}],"curies":[{"name":"wp","href":"https:\/\/api.w.org\/{rel}","templated":true}]}}