{"id":505,"date":"2025-09-25T10:00:10","date_gmt":"2025-09-25T10:00:10","guid":{"rendered":"https:\/\/swen-mercer.com\/de\/?p=505"},"modified":"2025-09-29T01:30:32","modified_gmt":"2025-09-29T01:30:32","slug":"urteil-in-libyen-affare-gegen-ex-prasident-sarkozy-erwartet","status":"publish","type":"post","link":"https:\/\/swen-mercer.com\/de\/urteil-in-libyen-affare-gegen-ex-prasident-sarkozy-erwartet\/","title":{"rendered":"Urteil in &#8220;Libyen-Aff\u00e4re&#8221; gegen Ex-Pr\u00e4sident Sarkozy erwartet"},"content":{"rendered":"<p>Oh l\u00e0 l\u00e0, Freunde der politischen Integrit\u00e4t! Heute ist ein Festtag f\u00fcr alle, die dachten, franz\u00f6sische Ex-Pr\u00e4sidenten w\u00fcrden Langeweile im Ruhestand pflegen. Statt Wein, Baguette und Rentnerjogging erleben wir: Gerichtstermine, Korruptionsvorw\u00fcrfe und ein bisschen internationales Drama \u00e0 la carte. Nicolas Sarkozy, unser Lieblings-Napoleon im Ma\u00dfanzug, hat heute wieder einen Termin \u2013 aber nicht im \u00c9lys\u00e9e-Palast, sondern im Gerichtssaal von Paris. Tr\u00e8s chic!<\/p>\n<p>Was wird ihm diesmal vorgeworfen, fragt ihr? Ach, nur das \u00dcbliche: Er soll seine Wahlkampfkasse im Wert von ein paar Baguettes (plus ein paar Millionen Euro) mit libyschem Kleingeld von Muammar al-Gaddafi gef\u00fcttert haben. Ja, genau der Gaddafi. Ihr erinnert euch \u2013 der mit dem Zelt, den Sonnenbrillen und der Neigung, einem franz\u00f6sischen Politiker gro\u00dfz\u00fcgig beim Wahlsieg zu helfen. Man hilft sich eben unter Freunden.<\/p>\n<p>Und jetzt sitzt Sarkozy da im Gericht und sagt, er habe von nichts gewusst. Klar, hat bestimmt auch geglaubt, das sei nur ein besonders exklusives Wahlkampf-Merchandise aus Tripolis. Vielleicht waren die Koffer mit Bargeld einfach nur sehr schwere Wahlplakate? Oder ein kulturelles Geschenk? Wer wei\u00df!<\/p>\n<p>Frankreich h\u00e4lt also heute den Atem an \u2013 nicht aus Spannung, sondern weil man nicht wei\u00df, ob Sarkozy endlich mal f\u00fcr seine zahlreichen Abenteuer in der Welt der legalen Grauzonen zur Rechenschaft gezogen wird. Einige wetten bereits, ob er diesmal tats\u00e4chlich ins Gef\u00e4ngnis geht oder ob &#8220;Hausarrest in seiner Villa mit Pool&#8221; erneut als brutalste Form der Strafe f\u00fcr Politiker durchgeht.<\/p>\n<p>Aber seien wir ehrlich: Wenn ein ehemaliger Pr\u00e4sident tats\u00e4chlich ins Gef\u00e4ngnis muss, wird das franz\u00f6sische Justizsystem wenigstens eines zeigen \u2013 dass es Bestechung erkennt, auch wenn sie den Duft von Parfum und Diktatorenparf\u00fcm tr\u00e4gt.<\/p>\n<p>Man kann nur hoffen, dass das Urteil nicht wieder lautet: &#8220;Schuldig, aber mit Stil.&#8221; Denn bei dem Tempo, in dem hier Pr\u00e4sidenten auf Anklagebank statt Denkmalsockel landen, sollte sich Frankreich langsam \u00fcberlegen, die \u00c9lys\u00e9e-Residenz mit einer Durchgangszelle auszustatten. Praktisch, falls mal wieder jemand \u201caus Versehen\u201d ein paar Millionen im Ausland eingesammelt hat.<\/p>\n<p>Bon app\u00e9tit, Demokratie!<\/p>\n","protected":false},"excerpt":{"rendered":"<p>Oh l\u00e0 l\u00e0, Freunde der politischen Integrit\u00e4t! Heute ist ein Festtag f\u00fcr alle, die dachten, franz\u00f6sische Ex-Pr\u00e4sidenten w\u00fcrden Langeweile im Ruhestand pflegen. Statt Wein, Baguette und Rentnerjogging erleben wir: Gerichtstermine, Korruptionsvorw\u00fcrfe und ein bisschen internationales Drama \u00e0 la carte. Nicolas Sarkozy, unser Lieblings-Napoleon im Ma\u00dfanzug, hat heute wieder einen Termin \u2013 aber nicht im \u00c9lys\u00e9e-Palast,&#8230;<\/p>\n","protected":false},"author":2,"featured_media":0,"comment_status":"closed","ping_status":"open","sticky":false,"template":"","format":"standard","meta":{"_kad_blocks_custom_css":"","_kad_blocks_head_custom_js":"","_kad_blocks_body_custom_js":"","_kad_blocks_footer_custom_js":"","_kad_post_transparent":"","_kad_post_title":"","_kad_post_layout":"","_kad_post_sidebar_id":"","_kad_post_content_style":"","_kad_post_vertical_padding":"","_kad_post_feature":"","_kad_post_feature_position":"","_kad_post_header":false,"_kad_post_footer":false,"footnotes":""},"categories":[3,1],"tags":[],"class_list":["post-505","post","type-post","status-publish","format-standard","hentry","category-news","category-uncategorized"],"taxonomy_info":{"category":[{"value":3,"label":"News"},{"value":1,"label":"Uncategorized"}]},"featured_image_src_large":false,"author_info":{"display_name":"blogger","author_link":"https:\/\/swen-mercer.com\/de\/author\/blogger\/"},"comment_info":0,"category_info":[{"term_id":3,"name":"News","slug":"news","term_group":0,"term_taxonomy_id":3,"taxonomy":"category","description":"","parent":0,"count":93,"filter":"raw","cat_ID":3,"category_count":93,"category_description":"","cat_name":"News","category_nicename":"news","category_parent":0},{"term_id":1,"name":"Uncategorized","slug":"uncategorized","term_group":0,"term_taxonomy_id":1,"taxonomy":"category","description":"","parent":0,"count":27,"filter":"raw","cat_ID":1,"category_count":27,"category_description":"","cat_name":"Uncategorized","category_nicename":"uncategorized","category_parent":0}],"tag_info":false,"_links":{"self":[{"href":"https:\/\/swen-mercer.com\/de\/wp-json\/wp\/v2\/posts\/505","targetHints":{"allow":["GET"]}}],"collection":[{"href":"https:\/\/swen-mercer.com\/de\/wp-json\/wp\/v2\/posts"}],"about":[{"href":"https:\/\/swen-mercer.com\/de\/wp-json\/wp\/v2\/types\/post"}],"author":[{"embeddable":true,"href":"https:\/\/swen-mercer.com\/de\/wp-json\/wp\/v2\/users\/2"}],"replies":[{"embeddable":true,"href":"https:\/\/swen-mercer.com\/de\/wp-json\/wp\/v2\/comments?post=505"}],"version-history":[{"count":1,"href":"https:\/\/swen-mercer.com\/de\/wp-json\/wp\/v2\/posts\/505\/revisions"}],"predecessor-version":[{"id":519,"href":"https:\/\/swen-mercer.com\/de\/wp-json\/wp\/v2\/posts\/505\/revisions\/519"}],"wp:attachment":[{"href":"https:\/\/swen-mercer.com\/de\/wp-json\/wp\/v2\/media?parent=505"}],"wp:term":[{"taxonomy":"category","embeddable":true,"href":"https:\/\/swen-mercer.com\/de\/wp-json\/wp\/v2\/categories?post=505"},{"taxonomy":"post_tag","embeddable":true,"href":"https:\/\/swen-mercer.com\/de\/wp-json\/wp\/v2\/tags?post=505"}],"curies":[{"name":"wp","href":"https:\/\/api.w.org\/{rel}","templated":true}]}}