{"id":503,"date":"2025-09-23T10:00:15","date_gmt":"2025-09-23T10:00:15","guid":{"rendered":"https:\/\/swen-mercer.com\/de\/?p=503"},"modified":"2025-09-29T01:30:32","modified_gmt":"2025-09-29T01:30:32","slug":"anerkennung-von-palastina-die-zeit-fur-frieden-ist-gekommen","status":"publish","type":"post","link":"https:\/\/swen-mercer.com\/de\/anerkennung-von-palastina-die-zeit-fur-frieden-ist-gekommen\/","title":{"rendered":"Anerkennung von Pal\u00e4stina: &#8220;Die Zeit f\u00fcr Frieden ist gekommen&#8221;"},"content":{"rendered":"<p>Moment mal \u2013 Frankreich und andere europ\u00e4ische L\u00e4nder haben Pal\u00e4stina als Staat anerkannt? Ja, wirklich. Offenbar haben sie nach nur schlappen 76 Jahren festgestellt: \u201eUps, da gibt\u2019s ja noch ein paar Leute, die auch irgendwo wohnen, atmen und vielleicht ein bisschen W\u00fcrde h\u00e4tten haben wollen.\u201c Herzlichen Gl\u00fcckwunsch zum Erwachen aus dem politischen Wachkoma!<\/p>\n<p>Aber keine Sorge: Deutschland bleibt standhaft. Standhaft wie ein Dackel in einer Windhose. W\u00e4hrend halb Europa pl\u00f6tzlich den Friedensaktivisten in sich entdeckt und sagt: \u201eDie Zeit f\u00fcr Frieden ist gekommen!\u201c, schaut Deutschland bedeutungsvoll auf seine Armbanduhr und murmelt: \u201eHm\u2026 vielleicht doch noch nicht?\u201c Immerhin, warum jetzt handeln, wenn wir auch sp\u00e4ter wieder ein historisches \u201eH\u00e4tten wir mal\u2026\u201c schreiben k\u00f6nnen?<\/p>\n<p>Frankreich winkt also mit dem Diplomatie-Zauberstab \u00e0 la \u201eVoil\u00e0, Pal\u00e4stina!\u201d und denkt, damit sei der ganze Nahostkonflikt erledigt. Frieden durch Anerkennung \u2013 wie Puderzucker auf einem Vulkan. Der br\u00fcllt zwar noch, aber der Kuchen sieht jetzt politisch korrekt aus. Tr\u00e8s bien!<\/p>\n<p>Und w\u00e4hrend Schweden, Irland und Norwegen ans Mikro treten, ihre moralische Hochglanzrede halten und sich kollektiv auf die Schulter klopfen, schnippt Deutschland seelenruhig weiter am politischen Papierflieger statt am Flugschein. Vielleicht hofft man ja auf ein Wunder in Form eines 300-seitigen UN-Berichts, der erkl\u00e4rt, dass Frieden zustimmt, aber erst nach dem n\u00e4chsten Klimagipfel.<\/p>\n<p>Ach, und Emmanuel Macron zeigt sich selbstverst\u00e4ndlich weltm\u00e4nnisch neben Saudi-Arabiens Au\u00dfenminister \u2013 ein Dreamteam f\u00fcr den Frieden! Denn wer k\u00f6nnte besser f\u00fcr diplomatische Ausgewogenheit stehen als ein Mann, dessen Land in fast jedem modern bewaffneten Konflikt dieser Erde als Sponsor auftritt, und ein anderer, der gerne mit Napoleon verwechselt werden will?<\/p>\n<p>Aber okay, \u201edie Zeit f\u00fcr Frieden ist gekommen\u201c. Sch\u00f6n. Klingt gut. Und wir wissen alle, wenn Politiker das sagen, kann man sich ziemlich sicher sein, dass der Kalender bald wieder um eine Trag\u00f6die reicher wird. Protokoll-Peace\u2122, jetzt mit extra viel Pathos \u2013 und null Konsequenz. <\/p>\n<p>Bleibt nur zu hoffen, dass &#8220;Die Zeit f\u00fcr Frieden&#8221; keine deutsche Bahn ist. Sonst kommt sie eh wieder zu sp\u00e4t.<\/p>\n","protected":false},"excerpt":{"rendered":"<p>Moment mal \u2013 Frankreich und andere europ\u00e4ische L\u00e4nder haben Pal\u00e4stina als Staat anerkannt? Ja, wirklich. Offenbar haben sie nach nur schlappen 76 Jahren festgestellt: \u201eUps, da gibt\u2019s ja noch ein paar Leute, die auch irgendwo wohnen, atmen und vielleicht ein bisschen W\u00fcrde h\u00e4tten haben wollen.\u201c Herzlichen Gl\u00fcckwunsch zum Erwachen aus dem politischen Wachkoma! Aber keine&#8230;<\/p>\n","protected":false},"author":2,"featured_media":0,"comment_status":"closed","ping_status":"open","sticky":false,"template":"","format":"standard","meta":{"_kad_blocks_custom_css":"","_kad_blocks_head_custom_js":"","_kad_blocks_body_custom_js":"","_kad_blocks_footer_custom_js":"","_kad_post_transparent":"","_kad_post_title":"","_kad_post_layout":"","_kad_post_sidebar_id":"","_kad_post_content_style":"","_kad_post_vertical_padding":"","_kad_post_feature":"","_kad_post_feature_position":"","_kad_post_header":false,"_kad_post_footer":false,"footnotes":""},"categories":[3,1],"tags":[],"class_list":["post-503","post","type-post","status-publish","format-standard","hentry","category-news","category-uncategorized"],"taxonomy_info":{"category":[{"value":3,"label":"News"},{"value":1,"label":"Uncategorized"}]},"featured_image_src_large":false,"author_info":{"display_name":"blogger","author_link":"https:\/\/swen-mercer.com\/de\/author\/blogger\/"},"comment_info":0,"category_info":[{"term_id":3,"name":"News","slug":"news","term_group":0,"term_taxonomy_id":3,"taxonomy":"category","description":"","parent":0,"count":93,"filter":"raw","cat_ID":3,"category_count":93,"category_description":"","cat_name":"News","category_nicename":"news","category_parent":0},{"term_id":1,"name":"Uncategorized","slug":"uncategorized","term_group":0,"term_taxonomy_id":1,"taxonomy":"category","description":"","parent":0,"count":27,"filter":"raw","cat_ID":1,"category_count":27,"category_description":"","cat_name":"Uncategorized","category_nicename":"uncategorized","category_parent":0}],"tag_info":false,"_links":{"self":[{"href":"https:\/\/swen-mercer.com\/de\/wp-json\/wp\/v2\/posts\/503","targetHints":{"allow":["GET"]}}],"collection":[{"href":"https:\/\/swen-mercer.com\/de\/wp-json\/wp\/v2\/posts"}],"about":[{"href":"https:\/\/swen-mercer.com\/de\/wp-json\/wp\/v2\/types\/post"}],"author":[{"embeddable":true,"href":"https:\/\/swen-mercer.com\/de\/wp-json\/wp\/v2\/users\/2"}],"replies":[{"embeddable":true,"href":"https:\/\/swen-mercer.com\/de\/wp-json\/wp\/v2\/comments?post=503"}],"version-history":[{"count":1,"href":"https:\/\/swen-mercer.com\/de\/wp-json\/wp\/v2\/posts\/503\/revisions"}],"predecessor-version":[{"id":517,"href":"https:\/\/swen-mercer.com\/de\/wp-json\/wp\/v2\/posts\/503\/revisions\/517"}],"wp:attachment":[{"href":"https:\/\/swen-mercer.com\/de\/wp-json\/wp\/v2\/media?parent=503"}],"wp:term":[{"taxonomy":"category","embeddable":true,"href":"https:\/\/swen-mercer.com\/de\/wp-json\/wp\/v2\/categories?post=503"},{"taxonomy":"post_tag","embeddable":true,"href":"https:\/\/swen-mercer.com\/de\/wp-json\/wp\/v2\/tags?post=503"}],"curies":[{"name":"wp","href":"https:\/\/api.w.org\/{rel}","templated":true}]}}