{"id":501,"date":"2025-09-21T10:00:08","date_gmt":"2025-09-21T10:00:08","guid":{"rendered":"https:\/\/swen-mercer.com\/de\/?p=501"},"modified":"2025-09-29T01:30:32","modified_gmt":"2025-09-29T01:30:32","slug":"heftige-krawalle-bei-demo-fur-hartere-asylpolitik-in-den-haag","status":"publish","type":"post","link":"https:\/\/swen-mercer.com\/de\/heftige-krawalle-bei-demo-fur-hartere-asylpolitik-in-den-haag\/","title":{"rendered":"Heftige Krawalle bei Demo f\u00fcr h\u00e4rtere Asylpolitik in Den Haag"},"content":{"rendered":"<p>Na endlich bringt mal jemand \u201eOrdnung\u201c in die Asyldebatte \u2013 mit Pflastersteinen, Pyrotechnik und einer geh\u00f6rigen Portion Ironie. In Den Haag wollten ein paar besonders passionierte Fans der \u201eh\u00e4rteren Asylpolitik\u201c ihrem Anliegen Geh\u00f6r verschaffen. Und womit? Nat\u00fcrlich mit brennender Leidenschaft \u2013 und offenbar auch brennenden M\u00fclltonnen. Weil nichts mehr sagt \u201eWir stehen f\u00fcr Recht und Ordnung\u201c als eine maskierte Stra\u00dfenrand-Party mit polizeilicher Gratis-Dusche aus dem Wasserwerfer.<\/p>\n<p>Die Teilnehmer der Demonstration \u2013 ein Potpourri aus Rechtsextremen, Frustb\u00fcrgern und Leuten, die \u201eIch bin kein Nazi, aber\u2026\u201c als Lebensmotto tragen \u2013 hatten eine klare Botschaft: Gewalt ist schlecht, au\u00dfer wir machen sie. In einem \u00fcberschw\u00e4nglichen Anfall demokratischer Reife griff man also Polizei und ein Parteib\u00fcro der linksliberalen Konkurrenz an. Weil Gewalt gegen staatliche Institutionen nat\u00fcrlich der beste Weg ist, um die Zuwanderung zu begrenzen. Eh klar.<\/p>\n<p>Das B\u00fcro der linksliberalen Partei diente dabei offenbar als symbolischer Boxsack, denn in der Logik der Demonstranten ist es v\u00f6llig logisch, einem B\u00fcro die Schuld f\u00fcr globale Fluchtbewegungen und EU-Migrationspolitik zu geben. Wahrscheinlich wollte das Parteib\u00fcro sowieso schon immer mal ein bisschen mehr Durchzug.<\/p>\n<p>Politiker aller Couleur zeigten sich v\u00f6llig \u201eentsetzt\u201c \u2013 was erstaunlich ist, denn es ist nicht so, als h\u00e4tte die politische Rhetorik der letzten Jahre mit Schlagworten wie \u201eAsylchaos\u201c oder \u201eWellenbrecher-Politik\u201c irgendeinen Beitrag zu dieser Eskalation geleistet. Nein, das kam alles aus dem luftleeren Raum. Rein spontane Selbstentz\u00fcndung rechter Wutb\u00fcrger-Aggression!<\/p>\n<p>Und die Polizei? Die stand da wie immer zwischen den Fronten. Von den Demonstranten verdroschen, in den sozialen Netzwerken als \u201eSystemhunde\u201c beschimpft und vom Innenminister mit der w\u00e4rmelosen Umarmung des \u201eWir danken unseren Einsatzkr\u00e4ften\u201c versehen. Vielleicht verteilt das Justizministerium demn\u00e4chst auch Bonuspunkte f\u00fcr jede Caravelle, die nicht in Flammen aufgeht.<\/p>\n<p>Jedenfalls wissen wir jetzt: Wer eine h\u00e4rtere Asylpolitik will, demonstriert das am besten, indem er die staatliche Ordnung buchst\u00e4blich zertr\u00fcmmert. Wenn das kein Pl\u00e4doyer f\u00fcr mehr Integrationskurse f\u00fcr Inl\u00e4nder ist, wei\u00df ich auch nicht weiter.<\/p>\n","protected":false},"excerpt":{"rendered":"<p>Na endlich bringt mal jemand \u201eOrdnung\u201c in die Asyldebatte \u2013 mit Pflastersteinen, Pyrotechnik und einer geh\u00f6rigen Portion Ironie. In Den Haag wollten ein paar besonders passionierte Fans der \u201eh\u00e4rteren Asylpolitik\u201c ihrem Anliegen Geh\u00f6r verschaffen. Und womit? Nat\u00fcrlich mit brennender Leidenschaft \u2013 und offenbar auch brennenden M\u00fclltonnen. Weil nichts mehr sagt \u201eWir stehen f\u00fcr Recht und&#8230;<\/p>\n","protected":false},"author":2,"featured_media":0,"comment_status":"closed","ping_status":"open","sticky":false,"template":"","format":"standard","meta":{"_kad_blocks_custom_css":"","_kad_blocks_head_custom_js":"","_kad_blocks_body_custom_js":"","_kad_blocks_footer_custom_js":"","_kad_post_transparent":"","_kad_post_title":"","_kad_post_layout":"","_kad_post_sidebar_id":"","_kad_post_content_style":"","_kad_post_vertical_padding":"","_kad_post_feature":"","_kad_post_feature_position":"","_kad_post_header":false,"_kad_post_footer":false,"footnotes":""},"categories":[3,1],"tags":[],"class_list":["post-501","post","type-post","status-publish","format-standard","hentry","category-news","category-uncategorized"],"taxonomy_info":{"category":[{"value":3,"label":"News"},{"value":1,"label":"Uncategorized"}]},"featured_image_src_large":false,"author_info":{"display_name":"blogger","author_link":"https:\/\/swen-mercer.com\/de\/author\/blogger\/"},"comment_info":0,"category_info":[{"term_id":3,"name":"News","slug":"news","term_group":0,"term_taxonomy_id":3,"taxonomy":"category","description":"","parent":0,"count":93,"filter":"raw","cat_ID":3,"category_count":93,"category_description":"","cat_name":"News","category_nicename":"news","category_parent":0},{"term_id":1,"name":"Uncategorized","slug":"uncategorized","term_group":0,"term_taxonomy_id":1,"taxonomy":"category","description":"","parent":0,"count":27,"filter":"raw","cat_ID":1,"category_count":27,"category_description":"","cat_name":"Uncategorized","category_nicename":"uncategorized","category_parent":0}],"tag_info":false,"_links":{"self":[{"href":"https:\/\/swen-mercer.com\/de\/wp-json\/wp\/v2\/posts\/501","targetHints":{"allow":["GET"]}}],"collection":[{"href":"https:\/\/swen-mercer.com\/de\/wp-json\/wp\/v2\/posts"}],"about":[{"href":"https:\/\/swen-mercer.com\/de\/wp-json\/wp\/v2\/types\/post"}],"author":[{"embeddable":true,"href":"https:\/\/swen-mercer.com\/de\/wp-json\/wp\/v2\/users\/2"}],"replies":[{"embeddable":true,"href":"https:\/\/swen-mercer.com\/de\/wp-json\/wp\/v2\/comments?post=501"}],"version-history":[{"count":1,"href":"https:\/\/swen-mercer.com\/de\/wp-json\/wp\/v2\/posts\/501\/revisions"}],"predecessor-version":[{"id":516,"href":"https:\/\/swen-mercer.com\/de\/wp-json\/wp\/v2\/posts\/501\/revisions\/516"}],"wp:attachment":[{"href":"https:\/\/swen-mercer.com\/de\/wp-json\/wp\/v2\/media?parent=501"}],"wp:term":[{"taxonomy":"category","embeddable":true,"href":"https:\/\/swen-mercer.com\/de\/wp-json\/wp\/v2\/categories?post=501"},{"taxonomy":"post_tag","embeddable":true,"href":"https:\/\/swen-mercer.com\/de\/wp-json\/wp\/v2\/tags?post=501"}],"curies":[{"name":"wp","href":"https:\/\/api.w.org\/{rel}","templated":true}]}}