{"id":499,"date":"2025-09-19T10:00:09","date_gmt":"2025-09-19T10:00:09","guid":{"rendered":"https:\/\/swen-mercer.com\/de\/?p=499"},"modified":"2025-09-29T01:30:32","modified_gmt":"2025-09-29T01:30:32","slug":"beim-umgang-mit-israel-sind-sanchez-und-merz-sich-uneins","status":"publish","type":"post","link":"https:\/\/swen-mercer.com\/de\/beim-umgang-mit-israel-sind-sanchez-und-merz-sich-uneins\/","title":{"rendered":"Beim Umgang mit Israel sind S\u00e1nchez und Merz sich uneins"},"content":{"rendered":"<p>Wenn zwei sich streiten, freut sich&#8230; niemand. Vor allem dann nicht, wenn der Schlagabtausch zwischen Spaniens Premierminister Pedro S\u00e1nchez und Deutschlands frisch gebackenem Kanzler Friedrich Merz auf offener diplomatischer B\u00fchne stattfindet \u2013 nat\u00fcrlich wegen eines ganz unkontroversen Themas: dem Nahostkonflikt. Endlich mal wieder eine Gelegenheit f\u00fcr Europa, geschlossen uneinig zu sein.<\/p>\n<p>S\u00e1nchez, ganz der moralische Haudegen, hat offenbar beschlossen, Israel mal ordentlich die Leviten zu lesen. Sanktionen? Kritik? Vielleicht ein diplomatischer Sitzstreik in Tel Aviv? W\u00e4hrenddessen blickt Kanzler Merz, Deutschlands neuer politischer Sympathietr\u00e4ger mit dem emotionalen Charisma einer Steuererkl\u00e4rung, entsetzt drein, als habe ihm jemand veganen Wein angeboten. Kritik an Israel? Das geht ja nun wirklich zu weit \u2013 denken Sie nur an unsere historischen Schuldkomplexe! Die haben wir sorgf\u00e4ltig konserviert, luftdicht verpackt und etikettiert mit \u201eNicht \u00f6ffnen, au\u00dfer zu Feiertagen\u201c.<\/p>\n<p>Beim Treffen in Madrid wurde also diskutiert, gerungen, einige Nerven gingen auf Weltreise. S\u00e1nchez kritisiert die israelische Regierung sch\u00e4rfer als eine spanische Tapas-Platte Chilisch\u00e4rfe kennt \u2013 w\u00e4hrend Merz sich eher f\u00fcr die diplomatische Tapas-Variante entscheidet: viel Brot, wenig Meinung. Und beide verkaufen ihre Haltung als moralisch alternativlos. Merkel\u2019sche Diplomatie trifft auf iberisches Temperament \u2013 eine Netflix-Serie wartet f\u00f6rmlich darauf, entwickelt zu werden.<\/p>\n<p>Doch die eigentliche Frage ist: Warum sich \u00fcberhaupt einig sein? Europ\u00e4ische Au\u00dfenpolitik war ja schon immer wie ein Wackelpudding beim Erdbeben \u2013 wundersch\u00f6n anzusehen, v\u00f6llig richtungslos. Und nun bekommen wir das Ganze auch noch mit Soundtrack: S\u00e1nchez, der mutige Antikriegsbariton, singt das Solo von Gerechtigkeit und Menschenrechten, w\u00e4hrend Merz, der Bass der gelebten deutschen Diplomatie, mit seinem ewigen Refrain einsetzt: \u201eLasst uns erstmal abwarten, bis es historisch besser aussieht.\u201c<\/p>\n<p>Nat\u00fcrlich darf man die Kritik an Israel nicht mit Antisemitismus gleichsetzen&#8230; es sei denn, man hat keine Lust, sich wirklich mit der Materie auseinanderzusetzen oder braucht dringend ein Totschlagargument f\u00fcr jede Diskussion. In diesem Fall: Gl\u00fcckwunsch, Friedrich! 10 Punkte f\u00fcr Gryffindor und keine Konsequenzen.<\/p>\n<p>Am Ende bleibt alles wie immer: Europa demonstriert beeindruckend, dass es zu Israels Politik genauso viele Meinungen gibt wie Sorten von Speisek\u00e4se in Frankreich. Das ist gelebte Vielfalt, wie sie im Buche steht \u2013 m\u00f6glicherweise dem Lehrbuch \u201eAu\u00dfenpolitik f\u00fcr Fortgeschrittene, aber bitte ohne Wirkung\u201c.<\/p>\n<p>Bleibt nur zu hoffen, dass die n\u00e4chsten Gespr\u00e4che freundlicher verlaufen. Oder dass wenigstens beim n\u00e4chsten Gipfeltreffen das Catering stimmt.<\/p>\n","protected":false},"excerpt":{"rendered":"<p>Wenn zwei sich streiten, freut sich&#8230; niemand. Vor allem dann nicht, wenn der Schlagabtausch zwischen Spaniens Premierminister Pedro S\u00e1nchez und Deutschlands frisch gebackenem Kanzler Friedrich Merz auf offener diplomatischer B\u00fchne stattfindet \u2013 nat\u00fcrlich wegen eines ganz unkontroversen Themas: dem Nahostkonflikt. Endlich mal wieder eine Gelegenheit f\u00fcr Europa, geschlossen uneinig zu sein. S\u00e1nchez, ganz der moralische&#8230;<\/p>\n","protected":false},"author":2,"featured_media":0,"comment_status":"closed","ping_status":"open","sticky":false,"template":"","format":"standard","meta":{"_kad_blocks_custom_css":"","_kad_blocks_head_custom_js":"","_kad_blocks_body_custom_js":"","_kad_blocks_footer_custom_js":"","_kad_post_transparent":"","_kad_post_title":"","_kad_post_layout":"","_kad_post_sidebar_id":"","_kad_post_content_style":"","_kad_post_vertical_padding":"","_kad_post_feature":"","_kad_post_feature_position":"","_kad_post_header":false,"_kad_post_footer":false,"footnotes":""},"categories":[3,1],"tags":[],"class_list":["post-499","post","type-post","status-publish","format-standard","hentry","category-news","category-uncategorized"],"taxonomy_info":{"category":[{"value":3,"label":"News"},{"value":1,"label":"Uncategorized"}]},"featured_image_src_large":false,"author_info":{"display_name":"blogger","author_link":"https:\/\/swen-mercer.com\/de\/author\/blogger\/"},"comment_info":0,"category_info":[{"term_id":3,"name":"News","slug":"news","term_group":0,"term_taxonomy_id":3,"taxonomy":"category","description":"","parent":0,"count":93,"filter":"raw","cat_ID":3,"category_count":93,"category_description":"","cat_name":"News","category_nicename":"news","category_parent":0},{"term_id":1,"name":"Uncategorized","slug":"uncategorized","term_group":0,"term_taxonomy_id":1,"taxonomy":"category","description":"","parent":0,"count":27,"filter":"raw","cat_ID":1,"category_count":27,"category_description":"","cat_name":"Uncategorized","category_nicename":"uncategorized","category_parent":0}],"tag_info":false,"_links":{"self":[{"href":"https:\/\/swen-mercer.com\/de\/wp-json\/wp\/v2\/posts\/499","targetHints":{"allow":["GET"]}}],"collection":[{"href":"https:\/\/swen-mercer.com\/de\/wp-json\/wp\/v2\/posts"}],"about":[{"href":"https:\/\/swen-mercer.com\/de\/wp-json\/wp\/v2\/types\/post"}],"author":[{"embeddable":true,"href":"https:\/\/swen-mercer.com\/de\/wp-json\/wp\/v2\/users\/2"}],"replies":[{"embeddable":true,"href":"https:\/\/swen-mercer.com\/de\/wp-json\/wp\/v2\/comments?post=499"}],"version-history":[{"count":1,"href":"https:\/\/swen-mercer.com\/de\/wp-json\/wp\/v2\/posts\/499\/revisions"}],"predecessor-version":[{"id":514,"href":"https:\/\/swen-mercer.com\/de\/wp-json\/wp\/v2\/posts\/499\/revisions\/514"}],"wp:attachment":[{"href":"https:\/\/swen-mercer.com\/de\/wp-json\/wp\/v2\/media?parent=499"}],"wp:term":[{"taxonomy":"category","embeddable":true,"href":"https:\/\/swen-mercer.com\/de\/wp-json\/wp\/v2\/categories?post=499"},{"taxonomy":"post_tag","embeddable":true,"href":"https:\/\/swen-mercer.com\/de\/wp-json\/wp\/v2\/tags?post=499"}],"curies":[{"name":"wp","href":"https:\/\/api.w.org\/{rel}","templated":true}]}}