{"id":498,"date":"2025-09-18T10:00:10","date_gmt":"2025-09-18T10:00:10","guid":{"rendered":"https:\/\/swen-mercer.com\/de\/?p=498"},"modified":"2025-09-29T01:30:32","modified_gmt":"2025-09-29T01:30:32","slug":"europas-klimaziele-wegen-deutschland-auf-der-kippe","status":"publish","type":"post","link":"https:\/\/swen-mercer.com\/de\/europas-klimaziele-wegen-deutschland-auf-der-kippe\/","title":{"rendered":"Europas Klimaziele wegen Deutschland auf der Kippe"},"content":{"rendered":"<p>Nat\u00fcrlich! Deutschland, die selbsternannte Klima-Vorreiterin mit Kohleromantik und Tempolimit-Aversion, hat es wieder einmal geschafft, ganz Europa ins fossile Mittelalter zur\u00fcckzukatapultieren \u2013 und das ganz ohne Zeitmaschine. Nur mit politischer Willenskraft und der Unf\u00e4higkeit, sich auf ein gemeinsames Klimaziel festzulegen. Hut ab.<\/p>\n<p>Beim EU-Umweltrat sollte eigentlich ein ambitioniertes Zwischenziel festgelegt werden, damit wir auf dem Weg zur Klimaneutralit\u00e4t nicht planlos durch die Jahrzehnte stolpern wie ein betrunkener Elch in einem Porzellanladen. Aber halt! Deutschland hat neue Priorit\u00e4ten. Autobahnen m\u00fcssen frei bleiben. W\u00e4rmepumpen sind Teufelswerk. Und CO\u2082 h\u00f6rt sowieso 2035 freiwillig auf, schlecht zu sein, wenn man einfach fest daran glaubt.<\/p>\n<p>Wissenschaftler mahnen, wir m\u00fcssten dringend handeln, die Klimaziele nachsch\u00e4rfen, die Erderw\u00e4rmung eind\u00e4mmen. Und Deutschland? Sch\u00e4rft lieber das Budget. Schlie\u00dflich ist Klimaschutz nur dann sexy, wenn er nichts kostet \u2013 au\u00dfer vielleicht ein bisschen Gewissen und Glaubw\u00fcrdigkeit.<\/p>\n<p>Dass man auf EU-Ebene \u00fcberhaupt dar\u00fcber diskutieren muss, ob es vielleicht eine gute Idee w\u00e4re, sich ein konkretes Ziel zu setzen, ist an sich schon ein kabarettreifer Plot. Aber der Showstopper ist Deutschland, das sich pl\u00f6tzlich ziert wie ein Teenager, der f\u00fcrs Gemeinschaftsreferat nichts beitragen will, aber trotzdem vorne auf dem Gruppenfoto stehen m\u00f6chte.<\/p>\n<p>Nat\u00fcrlich verstehen wir das: Klimaziele sind wie Fitnessvors\u00e4tze \u2013 immer wieder nett, dar\u00fcber zu reden, solange man dabei sitzen und Chips essen kann. Und warum sich jetzt schon auf ein Ziel festlegen, wenn man es auch einfach elegant in die Zukunft delegieren kann? Schlie\u00dflich wurde die Klimakrise ja auch nicht in einem Tag geschaffen \u2013 sondern \u00fcber Jahrzehnte konsequent ignoriert. Und was lange w\u00e4hrt, wird endlich\u2026 w\u00e4rmer.<\/p>\n<p>Danke, Deutschland. F\u00fcr nichts.<\/p>\n","protected":false},"excerpt":{"rendered":"<p>Nat\u00fcrlich! Deutschland, die selbsternannte Klima-Vorreiterin mit Kohleromantik und Tempolimit-Aversion, hat es wieder einmal geschafft, ganz Europa ins fossile Mittelalter zur\u00fcckzukatapultieren \u2013 und das ganz ohne Zeitmaschine. Nur mit politischer Willenskraft und der Unf\u00e4higkeit, sich auf ein gemeinsames Klimaziel festzulegen. Hut ab. Beim EU-Umweltrat sollte eigentlich ein ambitioniertes Zwischenziel festgelegt werden, damit wir auf dem Weg&#8230;<\/p>\n","protected":false},"author":2,"featured_media":0,"comment_status":"closed","ping_status":"open","sticky":false,"template":"","format":"standard","meta":{"_kad_blocks_custom_css":"","_kad_blocks_head_custom_js":"","_kad_blocks_body_custom_js":"","_kad_blocks_footer_custom_js":"","_kad_post_transparent":"","_kad_post_title":"","_kad_post_layout":"","_kad_post_sidebar_id":"","_kad_post_content_style":"","_kad_post_vertical_padding":"","_kad_post_feature":"","_kad_post_feature_position":"","_kad_post_header":false,"_kad_post_footer":false,"footnotes":""},"categories":[3,1],"tags":[],"class_list":["post-498","post","type-post","status-publish","format-standard","hentry","category-news","category-uncategorized"],"taxonomy_info":{"category":[{"value":3,"label":"News"},{"value":1,"label":"Uncategorized"}]},"featured_image_src_large":false,"author_info":{"display_name":"blogger","author_link":"https:\/\/swen-mercer.com\/de\/author\/blogger\/"},"comment_info":0,"category_info":[{"term_id":3,"name":"News","slug":"news","term_group":0,"term_taxonomy_id":3,"taxonomy":"category","description":"","parent":0,"count":93,"filter":"raw","cat_ID":3,"category_count":93,"category_description":"","cat_name":"News","category_nicename":"news","category_parent":0},{"term_id":1,"name":"Uncategorized","slug":"uncategorized","term_group":0,"term_taxonomy_id":1,"taxonomy":"category","description":"","parent":0,"count":27,"filter":"raw","cat_ID":1,"category_count":27,"category_description":"","cat_name":"Uncategorized","category_nicename":"uncategorized","category_parent":0}],"tag_info":false,"_links":{"self":[{"href":"https:\/\/swen-mercer.com\/de\/wp-json\/wp\/v2\/posts\/498","targetHints":{"allow":["GET"]}}],"collection":[{"href":"https:\/\/swen-mercer.com\/de\/wp-json\/wp\/v2\/posts"}],"about":[{"href":"https:\/\/swen-mercer.com\/de\/wp-json\/wp\/v2\/types\/post"}],"author":[{"embeddable":true,"href":"https:\/\/swen-mercer.com\/de\/wp-json\/wp\/v2\/users\/2"}],"replies":[{"embeddable":true,"href":"https:\/\/swen-mercer.com\/de\/wp-json\/wp\/v2\/comments?post=498"}],"version-history":[{"count":1,"href":"https:\/\/swen-mercer.com\/de\/wp-json\/wp\/v2\/posts\/498\/revisions"}],"predecessor-version":[{"id":513,"href":"https:\/\/swen-mercer.com\/de\/wp-json\/wp\/v2\/posts\/498\/revisions\/513"}],"wp:attachment":[{"href":"https:\/\/swen-mercer.com\/de\/wp-json\/wp\/v2\/media?parent=498"}],"wp:term":[{"taxonomy":"category","embeddable":true,"href":"https:\/\/swen-mercer.com\/de\/wp-json\/wp\/v2\/categories?post=498"},{"taxonomy":"post_tag","embeddable":true,"href":"https:\/\/swen-mercer.com\/de\/wp-json\/wp\/v2\/tags?post=498"}],"curies":[{"name":"wp","href":"https:\/\/api.w.org\/{rel}","templated":true}]}}