{"id":393,"date":"2025-09-16T10:00:15","date_gmt":"2025-09-16T10:00:15","guid":{"rendered":"https:\/\/swen-mercer.com\/de\/?p=393"},"modified":"2025-09-29T01:30:31","modified_gmt":"2025-09-29T01:30:31","slug":"drohne-nach-flug-uber-regierungsgebaude-in-warschau-unschadlich-gemacht","status":"publish","type":"post","link":"https:\/\/swen-mercer.com\/de\/drohne-nach-flug-uber-regierungsgebaude-in-warschau-unschadlich-gemacht\/","title":{"rendered":"Drohne nach Flug \u00fcber Regierungsgeb\u00e4ude in Warschau unsch\u00e4dlich gemacht"},"content":{"rendered":"<p>Breaking News aus dem Land der unbegrenzten Luftraumverletzungen: Eine Drohne hat sich heute den Luftraum \u00fcber Warschaus Regierungsgeb\u00e4uden als neues Urlaubsresort ausgesucht. Offenbar hatte sie keine Ahnung, dass der polnische Himmel derzeit so einladend ist wie ein veganer Brunch bei einer Metzgerinnungstagung.<\/p>\n<p>Die Reaktionen waren nat\u00fcrlich ebenso gelassen wie vorhersehbar: Sirenen, Alarm, Ausnahmezustand \u2013 man kennt das. Aber keine Sorge, die polnischen Sicherheitskr\u00e4fte haben das Flugobjekt unsch\u00e4dlich gemacht. Ob mit einem gezielten Laserstrahl oder einer besonders missbilligenden Geste, lie\u00df sich bislang nicht abschlie\u00dfend kl\u00e4ren.<\/p>\n<p>Regierungschef Donald Tusk beruhigte die Bev\u00f6lkerung nat\u00fcrlich umgehend, indem er erkl\u00e4rte, dass die Lage \u201ebesorgniserregend, aber unter Kontrolle\u201c sei \u2013 was in diplomatischem Klartext ungef\u00e4hr so viel bedeutet wie: \u201eWir haben keine Ahnung, woher das Teil kam, aber es war klein, fies und flog genau dahin, wo es nicht sollte.\u201c Also genau wie die meisten politischen Karrieren.<\/p>\n<p>Zwei mutma\u00dfliche Belarusen wurden im Zusammenhang mit dem Vorfall festgenommen. Wahrscheinlich wollten sie eigentlich nur mit der Drohne ein paar coole Insta-Luftaufnahmen vom Kulturpalast machen, aber dummerweise geriet sie dann \u00fcber das Verteidigungsministerium. Kann ja mal passieren \u2013 wer hat nicht schon mal aus Versehen sein digitales Spielzeug mitten in die politische Machtsuppe geworfen?<\/p>\n<p>Moskau \u00e4u\u00dferte sich bislang nicht \u2013 was entweder bedeutet, dass sie ernsthaft nichts damit zu tun haben wollen, oder dass sie so viele Drohnenfl\u00fcge laufen haben, dass sie den \u00dcberblick verloren haben. Verst\u00e4ndlich bei dem russischen &#8220;Drohnen-Flightradar&#8221;, das aussieht wie ein Silvesterfeuerwerk aus dem Jahr 2080.<\/p>\n<p>Polen hingegen reagiert auf Nummer sicher, denn zwischen \u201enur ein Spa\u00dfflieger\u201c und \u201eSpionage-Vorsto\u00df der n\u00e4chsten Generation\u201c liegt halt nur ein NATO-Protokoll. Der Luftraum \u00fcber Warschau wird ab sofort wohl etwa so streng bewacht wie der Weinkeller des Papstes \u2013 und das ist vielleicht auch besser so.<\/p>\n<p>Inzwischen fragen sich einige Polen, ob die n\u00e4chste Amazon-Lieferung per Drohne demn\u00e4chst von einem Abfangj\u00e4ger begleitet wird. Also: Wer dieses Jahr eine neue Zahnb\u00fcrste bestellt, sollte sicherheitshalber den Luftraum beantragen. Man wei\u00df ja nie.<\/p>\n","protected":false},"excerpt":{"rendered":"<p>Breaking News aus dem Land der unbegrenzten Luftraumverletzungen: Eine Drohne hat sich heute den Luftraum \u00fcber Warschaus Regierungsgeb\u00e4uden als neues Urlaubsresort ausgesucht. Offenbar hatte sie keine Ahnung, dass der polnische Himmel derzeit so einladend ist wie ein veganer Brunch bei einer Metzgerinnungstagung. Die Reaktionen waren nat\u00fcrlich ebenso gelassen wie vorhersehbar: Sirenen, Alarm, Ausnahmezustand \u2013 man&#8230;<\/p>\n","protected":false},"author":2,"featured_media":0,"comment_status":"closed","ping_status":"open","sticky":false,"template":"","format":"standard","meta":{"_kad_blocks_custom_css":"","_kad_blocks_head_custom_js":"","_kad_blocks_body_custom_js":"","_kad_blocks_footer_custom_js":"","_kad_post_transparent":"","_kad_post_title":"","_kad_post_layout":"","_kad_post_sidebar_id":"","_kad_post_content_style":"","_kad_post_vertical_padding":"","_kad_post_feature":"","_kad_post_feature_position":"","_kad_post_header":false,"_kad_post_footer":false,"footnotes":""},"categories":[3,1],"tags":[],"class_list":["post-393","post","type-post","status-publish","format-standard","hentry","category-news","category-uncategorized"],"taxonomy_info":{"category":[{"value":3,"label":"News"},{"value":1,"label":"Uncategorized"}]},"featured_image_src_large":false,"author_info":{"display_name":"blogger","author_link":"https:\/\/swen-mercer.com\/de\/author\/blogger\/"},"comment_info":0,"category_info":[{"term_id":3,"name":"News","slug":"news","term_group":0,"term_taxonomy_id":3,"taxonomy":"category","description":"","parent":0,"count":93,"filter":"raw","cat_ID":3,"category_count":93,"category_description":"","cat_name":"News","category_nicename":"news","category_parent":0},{"term_id":1,"name":"Uncategorized","slug":"uncategorized","term_group":0,"term_taxonomy_id":1,"taxonomy":"category","description":"","parent":0,"count":27,"filter":"raw","cat_ID":1,"category_count":27,"category_description":"","cat_name":"Uncategorized","category_nicename":"uncategorized","category_parent":0}],"tag_info":false,"_links":{"self":[{"href":"https:\/\/swen-mercer.com\/de\/wp-json\/wp\/v2\/posts\/393","targetHints":{"allow":["GET"]}}],"collection":[{"href":"https:\/\/swen-mercer.com\/de\/wp-json\/wp\/v2\/posts"}],"about":[{"href":"https:\/\/swen-mercer.com\/de\/wp-json\/wp\/v2\/types\/post"}],"author":[{"embeddable":true,"href":"https:\/\/swen-mercer.com\/de\/wp-json\/wp\/v2\/users\/2"}],"replies":[{"embeddable":true,"href":"https:\/\/swen-mercer.com\/de\/wp-json\/wp\/v2\/comments?post=393"}],"version-history":[{"count":1,"href":"https:\/\/swen-mercer.com\/de\/wp-json\/wp\/v2\/posts\/393\/revisions"}],"predecessor-version":[{"id":511,"href":"https:\/\/swen-mercer.com\/de\/wp-json\/wp\/v2\/posts\/393\/revisions\/511"}],"wp:attachment":[{"href":"https:\/\/swen-mercer.com\/de\/wp-json\/wp\/v2\/media?parent=393"}],"wp:term":[{"taxonomy":"category","embeddable":true,"href":"https:\/\/swen-mercer.com\/de\/wp-json\/wp\/v2\/categories?post=393"},{"taxonomy":"post_tag","embeddable":true,"href":"https:\/\/swen-mercer.com\/de\/wp-json\/wp\/v2\/tags?post=393"}],"curies":[{"name":"wp","href":"https:\/\/api.w.org\/{rel}","templated":true}]}}