{"id":392,"date":"2025-09-15T10:00:10","date_gmt":"2025-09-15T10:00:10","guid":{"rendered":"https:\/\/swen-mercer.com\/de\/?p=392"},"modified":"2025-09-29T01:30:32","modified_gmt":"2025-09-29T01:30:32","slug":"spanien-will-mehr-als-50-000-ferienwohnungen-streichen","status":"publish","type":"post","link":"https:\/\/swen-mercer.com\/de\/spanien-will-mehr-als-50-000-ferienwohnungen-streichen\/","title":{"rendered":"Spanien will mehr als 50.000 Ferienwohnungen streichen"},"content":{"rendered":"<p>Endlich gute Nachrichten f\u00fcr alle, die schon immer davon getr\u00e4umt haben, ihren Sommerurlaub statt in einer charmanten Altstadtwohnung in Valencia lieber zwischen Pappkartons und Umzugskartons zu verbringen \u2013 Spaniens Regierung macht\u2019s m\u00f6glich! Mehr als 50.000 private Ferienwohnungen sollen einfach mal *weg*. Paff. Ausradiert von der Landkarte der Wohntr\u00e4ume.<\/p>\n<p>Aber hey, keine Sorge, liebe Touris \u2013 es gibt ja noch Hotels. So richtig sch\u00f6n authentisch spanisch, mit Fliesenboden, Vollpension und 38 Sch\u00fclergruppen aus Castrop-Rauxel in der Hotellobby. Klingt doch fast wie ein flamencotanzender Traum, oder?<\/p>\n<p>Der eigentliche Clou: Die Entscheidung kommt nat\u00fcrlich nur, um der wachsenden Wohnungsnot entgegenzuwirken. Endlich denkt mal jemand an die Einheimischen, die keine Wohnung mehr finden, weil Otto aus Oberbayern f\u00fcr zwei Wochen Panoramablick aufs Mittelmeer braucht. Nach ihm die Sintflut \u2013 oder eben die K\u00fcndigung f\u00fcr die Familie Gonz\u00e1lez.<\/p>\n<p>Die Politik hat also eingesehen: Es ist vielleicht doch nicht so klug, wenn jede dritte Wohnung in Palma, Barcelona oder M\u00e1laga auf Airbnb als &#8220;urbaner R\u00fcckzugsort mit lokaler Authentizit\u00e4t&#8221; beschrieben wird \u2013 und das, w\u00e4hrend direkt daneben der echte R\u00fcckzug der Einheimischen aus der Innenstadt stattfindet. Ironie? Nein, das ist Kunst.<\/p>\n<p>Man stelle sich vor: In ein paar Jahren k\u00f6nnten tats\u00e4chlich Menschen in Madrid oder Valencia wohnen, OHNE vorher Touristen da durchgeschleust zu haben. Was kommt als N\u00e4chstes? Lokale Gesch\u00e4fte statt Bubble-Tea-L\u00e4den? Vielleicht sogar ein B\u00e4cker der keine \u201eVegan Croissant Experience\u201c hei\u00dft?<\/p>\n<p>Nat\u00fcrlich sind nicht alle gl\u00fccklich. Einige Investoren weinen jetzt bittere Tr\u00e4nen \u00fcber entgangene Profite. Wie sollen sie nun ihr achtes Ferienapartment refinanzieren, wenn die Onlineplattformen pl\u00f6tzlich Nein sagen? Das ist schlie\u00dflich fast schon kommunistisch!<\/p>\n<p>Kleiner Fun-Fact am Rande: Das Ganze passiert just in einem Land, das zum internationalen Synonym f\u00fcr Massentourismus geworden ist. Aber gut, vielleicht hat ja selbst Spanien irgendwann gemerkt, dass man sich nicht in Touristen-Euros einmieten kann.<\/p>\n<p>Also, liebe Digitalnomaden, Koffertr\u00e4ger und Insta-Influencer \u2013 vielleicht wird euer n\u00e4chstes Selfie vorm Paella-Teller ja nicht mehr in eurer &#8220;Designer-Ferienwohnung mit Boho-Vibes&#8221;, sondern im Sammelhotel mit Fr\u00fchst\u00fccksbuffet \u00e0 la &#8220;R\u00fchrei Surprise&#8221; entstehen. Na, wenn das kein kulturelles Upgrade ist!<\/p>\n<p>Fazit: Spanien streicht 50.000 Ferienwohnungen. Und irgendwie klingt das wie der einzige Touristenstopp, den wir 2025 wirklich gebraucht haben.<\/p>\n","protected":false},"excerpt":{"rendered":"<p>Endlich gute Nachrichten f\u00fcr alle, die schon immer davon getr\u00e4umt haben, ihren Sommerurlaub statt in einer charmanten Altstadtwohnung in Valencia lieber zwischen Pappkartons und Umzugskartons zu verbringen \u2013 Spaniens Regierung macht\u2019s m\u00f6glich! Mehr als 50.000 private Ferienwohnungen sollen einfach mal *weg*. Paff. Ausradiert von der Landkarte der Wohntr\u00e4ume. Aber hey, keine Sorge, liebe Touris \u2013&#8230;<\/p>\n","protected":false},"author":2,"featured_media":0,"comment_status":"closed","ping_status":"open","sticky":false,"template":"","format":"standard","meta":{"_kad_blocks_custom_css":"","_kad_blocks_head_custom_js":"","_kad_blocks_body_custom_js":"","_kad_blocks_footer_custom_js":"","_kad_post_transparent":"","_kad_post_title":"","_kad_post_layout":"","_kad_post_sidebar_id":"","_kad_post_content_style":"","_kad_post_vertical_padding":"","_kad_post_feature":"","_kad_post_feature_position":"","_kad_post_header":false,"_kad_post_footer":false,"footnotes":""},"categories":[3,1],"tags":[],"class_list":["post-392","post","type-post","status-publish","format-standard","hentry","category-news","category-uncategorized"],"taxonomy_info":{"category":[{"value":3,"label":"News"},{"value":1,"label":"Uncategorized"}]},"featured_image_src_large":false,"author_info":{"display_name":"blogger","author_link":"https:\/\/swen-mercer.com\/de\/author\/blogger\/"},"comment_info":0,"category_info":[{"term_id":3,"name":"News","slug":"news","term_group":0,"term_taxonomy_id":3,"taxonomy":"category","description":"","parent":0,"count":93,"filter":"raw","cat_ID":3,"category_count":93,"category_description":"","cat_name":"News","category_nicename":"news","category_parent":0},{"term_id":1,"name":"Uncategorized","slug":"uncategorized","term_group":0,"term_taxonomy_id":1,"taxonomy":"category","description":"","parent":0,"count":27,"filter":"raw","cat_ID":1,"category_count":27,"category_description":"","cat_name":"Uncategorized","category_nicename":"uncategorized","category_parent":0}],"tag_info":false,"_links":{"self":[{"href":"https:\/\/swen-mercer.com\/de\/wp-json\/wp\/v2\/posts\/392","targetHints":{"allow":["GET"]}}],"collection":[{"href":"https:\/\/swen-mercer.com\/de\/wp-json\/wp\/v2\/posts"}],"about":[{"href":"https:\/\/swen-mercer.com\/de\/wp-json\/wp\/v2\/types\/post"}],"author":[{"embeddable":true,"href":"https:\/\/swen-mercer.com\/de\/wp-json\/wp\/v2\/users\/2"}],"replies":[{"embeddable":true,"href":"https:\/\/swen-mercer.com\/de\/wp-json\/wp\/v2\/comments?post=392"}],"version-history":[{"count":1,"href":"https:\/\/swen-mercer.com\/de\/wp-json\/wp\/v2\/posts\/392\/revisions"}],"predecessor-version":[{"id":522,"href":"https:\/\/swen-mercer.com\/de\/wp-json\/wp\/v2\/posts\/392\/revisions\/522"}],"wp:attachment":[{"href":"https:\/\/swen-mercer.com\/de\/wp-json\/wp\/v2\/media?parent=392"}],"wp:term":[{"taxonomy":"category","embeddable":true,"href":"https:\/\/swen-mercer.com\/de\/wp-json\/wp\/v2\/categories?post=392"},{"taxonomy":"post_tag","embeddable":true,"href":"https:\/\/swen-mercer.com\/de\/wp-json\/wp\/v2\/tags?post=392"}],"curies":[{"name":"wp","href":"https:\/\/api.w.org\/{rel}","templated":true}]}}