{"id":391,"date":"2025-09-14T10:00:09","date_gmt":"2025-09-14T10:00:09","guid":{"rendered":"https:\/\/swen-mercer.com\/de\/?p=391"},"modified":"2025-09-29T01:30:32","modified_gmt":"2025-09-29T01:30:32","slug":"frankreichs-neuer-premier-mehr-als-macrons-buddy","status":"publish","type":"post","link":"https:\/\/swen-mercer.com\/de\/frankreichs-neuer-premier-mehr-als-macrons-buddy\/","title":{"rendered":"Frankreichs neuer Premier: Mehr als Macrons Buddy"},"content":{"rendered":"<p>Frankreich hat also einen neuen Premierminister \u2013 bitte alle stehen, die \u00fcberrascht sind. Niemand? Dachte ich mir. Emmanuel Macron hat sein Adressbuch ge\u00f6ffnet, das Kapitel \u201eVertraute &amp; Buddys\u201c aufgeschlagen und tadaa: S\u00e9bastien Lecornu zum Premierminister gek\u00fcrt. Innovation pur \u2014 nichts schreit so sehr nach \u201eneuem Kurs\u201c wie die Bef\u00f6rderung des Pr\u00e4sidenten-Haus- und Hofvertrauten.<\/p>\n<p>Lecornu, zarte 39 Jahre jung, bringt eine faszinierende Mischung mit: Er wollte mal M\u00f6nch werden (scheinbar auf der Suche nach Ruhe und Askese) \u2013 ist jetzt aber in der franz\u00f6sischen Politik, also quasi das spirituelle Gegenteil. Wo fr\u00fcher Schweigegel\u00fcbde und Demut lockten, gibt\u2019s jetzt Sondersitzungen zu Rentenreformen und hitzige Parlamentsdebatten. Und wer sagt, dass Berufung nicht wandelbar ist?<\/p>\n<p>Aber Moment, nur weil er Macrons alter Buddy ist, hei\u00dft das nat\u00fcrlich nicht, dass er nur deshalb Premier geworden ist. Nein, nein. Reine Kompetenzentscheidung. Die Tatsache, dass Lecornu wahrscheinlich das WLAN-Passwort im \u00c9lys\u00e9e kennt und Macrons Lieblingswein lagert, hat sicherlich keinerlei Einfluss gehabt. Alles purer Zufall.<\/p>\n<p>Und wer sich fragt, was er bisher so gemacht hat: Verteidigungsminister! Also quasi der Mann, der aufpassen sollte, dass niemand den Pr\u00e4sidenten \u00e4rgert. Jetzt darf er den Premier machen, also aufpassen, dass niemand den Pr\u00e4sidenten IRGENDWIE \u00e4rgert \u2013 ob das nun die Rentner, Eisenbahner oder der durchschnittlich entnervte franz\u00f6sische Taxifahrer ist.<\/p>\n<p>Nat\u00fcrlich wird Lecornu jetzt Frankreichs Probleme mit frischem Elan angehen \u2013 inklusive der kleinen Nebensache, dass Macron nach den letzten Wahlen keine Mehrheit im Parlament mehr hat. Aber hey, in einer Demokratie ist ja bekanntlich nichts produktiver als ein Premierminister ohne ausreichende parlamentarische R\u00fcckendeckung. Das steigert die kreative Probleml\u00f6sung gewaltig! N\u00e4chster Halt: Regierung per PowerPoint-Pr\u00e4sentation.<\/p>\n<p>Der Titel der Tagesschau lautet \u00fcbrigens: \u201eMehr als Macrons Buddy\u201c. Nat\u00fcrlich ist er das. Wahrscheinlich bringt er auch eigene Tupperdosen zum Kabinettstreffen mit. Bald wird er uns alle \u00fcberraschen und \u201eEigenst\u00e4ndigkeit\u201c buchstabieren \u2013 wenn auch zuerst leise und in Klammern.<\/p>\n<p>Kurzum: Frankreich hat jetzt also einen neuen Premierminister, der jung ist, mal M\u00f6nch werden wollte, aber dann doch lieber Schwerter statt Rosenkr\u00e4nze w\u00e4hlte, und vor allem eines ist: Macrons Kumpel. Vive la R\u00e9publique. Vive le Networking.<\/p>\n","protected":false},"excerpt":{"rendered":"<p>Frankreich hat also einen neuen Premierminister \u2013 bitte alle stehen, die \u00fcberrascht sind. Niemand? Dachte ich mir. Emmanuel Macron hat sein Adressbuch ge\u00f6ffnet, das Kapitel \u201eVertraute &amp; Buddys\u201c aufgeschlagen und tadaa: S\u00e9bastien Lecornu zum Premierminister gek\u00fcrt. Innovation pur \u2014 nichts schreit so sehr nach \u201eneuem Kurs\u201c wie die Bef\u00f6rderung des Pr\u00e4sidenten-Haus- und Hofvertrauten. Lecornu, zarte&#8230;<\/p>\n","protected":false},"author":2,"featured_media":0,"comment_status":"closed","ping_status":"open","sticky":false,"template":"","format":"standard","meta":{"_kad_blocks_custom_css":"","_kad_blocks_head_custom_js":"","_kad_blocks_body_custom_js":"","_kad_blocks_footer_custom_js":"","_kad_post_transparent":"","_kad_post_title":"","_kad_post_layout":"","_kad_post_sidebar_id":"","_kad_post_content_style":"","_kad_post_vertical_padding":"","_kad_post_feature":"","_kad_post_feature_position":"","_kad_post_header":false,"_kad_post_footer":false,"footnotes":""},"categories":[3,1],"tags":[],"class_list":["post-391","post","type-post","status-publish","format-standard","hentry","category-news","category-uncategorized"],"taxonomy_info":{"category":[{"value":3,"label":"News"},{"value":1,"label":"Uncategorized"}]},"featured_image_src_large":false,"author_info":{"display_name":"blogger","author_link":"https:\/\/swen-mercer.com\/de\/author\/blogger\/"},"comment_info":0,"category_info":[{"term_id":3,"name":"News","slug":"news","term_group":0,"term_taxonomy_id":3,"taxonomy":"category","description":"","parent":0,"count":93,"filter":"raw","cat_ID":3,"category_count":93,"category_description":"","cat_name":"News","category_nicename":"news","category_parent":0},{"term_id":1,"name":"Uncategorized","slug":"uncategorized","term_group":0,"term_taxonomy_id":1,"taxonomy":"category","description":"","parent":0,"count":27,"filter":"raw","cat_ID":1,"category_count":27,"category_description":"","cat_name":"Uncategorized","category_nicename":"uncategorized","category_parent":0}],"tag_info":false,"_links":{"self":[{"href":"https:\/\/swen-mercer.com\/de\/wp-json\/wp\/v2\/posts\/391","targetHints":{"allow":["GET"]}}],"collection":[{"href":"https:\/\/swen-mercer.com\/de\/wp-json\/wp\/v2\/posts"}],"about":[{"href":"https:\/\/swen-mercer.com\/de\/wp-json\/wp\/v2\/types\/post"}],"author":[{"embeddable":true,"href":"https:\/\/swen-mercer.com\/de\/wp-json\/wp\/v2\/users\/2"}],"replies":[{"embeddable":true,"href":"https:\/\/swen-mercer.com\/de\/wp-json\/wp\/v2\/comments?post=391"}],"version-history":[{"count":1,"href":"https:\/\/swen-mercer.com\/de\/wp-json\/wp\/v2\/posts\/391\/revisions"}],"predecessor-version":[{"id":523,"href":"https:\/\/swen-mercer.com\/de\/wp-json\/wp\/v2\/posts\/391\/revisions\/523"}],"wp:attachment":[{"href":"https:\/\/swen-mercer.com\/de\/wp-json\/wp\/v2\/media?parent=391"}],"wp:term":[{"taxonomy":"category","embeddable":true,"href":"https:\/\/swen-mercer.com\/de\/wp-json\/wp\/v2\/categories?post=391"},{"taxonomy":"post_tag","embeddable":true,"href":"https:\/\/swen-mercer.com\/de\/wp-json\/wp\/v2\/tags?post=391"}],"curies":[{"name":"wp","href":"https:\/\/api.w.org\/{rel}","templated":true}]}}