{"id":385,"date":"2025-09-13T10:00:08","date_gmt":"2025-09-13T10:00:08","guid":{"rendered":"https:\/\/swen-mercer.com\/de\/?p=385"},"modified":"2025-09-29T01:30:32","modified_gmt":"2025-09-29T01:30:32","slug":"israel-teilnahme-niederlande-und-irland-drohen-mit-boykott-des-esc","status":"publish","type":"post","link":"https:\/\/swen-mercer.com\/de\/israel-teilnahme-niederlande-und-irland-drohen-mit-boykott-des-esc\/","title":{"rendered":"Israel-Teilnahme: Niederlande und Irland drohen mit Boykott des ESC"},"content":{"rendered":"<p>Also, liebe Freunde der gepflegten musikalischen Selbst\u00fcbersch\u00e4tzung, es ist mal wieder ESC-Zeit \u2013 oder wie man es auch nennen k\u00f6nnte: Politisches Theater mit Glitzerkleidern und Windmaschinen. Dieses Mal im Zentrum der Aufmerksamkeit: Israel und seine m\u00f6gliche Teilnahme am Eurovision Song Contest 2026 in Wien. Denn nichts schreit \u201eEurop\u00e4ische Einheit\u201c so sehr wie ein musikalischer Wettbewerb, bei dem L\u00e4nder gegeneinander antreten, w\u00e4hrend sie diplomatisch ihre Fehden ausspielen.<\/p>\n<p>Die Niederlande und Irland \u2013 zwei L\u00e4nder, die regelm\u00e4\u00dfig mehr Punkte beim Ironie-Level als beim Televoting erreichen \u2013 drohen jetzt damit, den ESC 2026 zu boykottieren, sollte Israel teilnehmen d\u00fcrfen. Ja, richtig gelesen. Die L\u00e4nder, die sonst ein \u201eThis is not political\u201c in Dauerschleife predigen, ziehen jetzt die moralische Rei\u00dfleine. Offenbar hat man beschlossen, dass Eurovision sich nicht nur um Gesang, sondern auch um geopolitische Integrit\u00e4t k\u00fcmmern soll. Mehr Power f\u00fcr die Pyrotechnik der Diplomatie!<\/p>\n<p>Nat\u00fcrlich sind die Gr\u00fcnde alles andere als trivial: Der Gaza-Konflikt, Menschenrechte, politische Verantwortung&#8230; alles berechtigte Themen. Aber irgendwie wirkt das Ganze wie der Versuch, einen Waldbrand mit einer Konfettikanone zu l\u00f6schen. Zur Erinnerung: Wir sprechen von einem Wettbewerb, bei dem ein Mann in Lederhosen auf einem brennenden Klavier steht, w\u00e4hrend im Hintergrund ein Hologramm von Odin auf einem Einhorn reitet.<\/p>\n<p>Dass eine ESC-Entscheidung nun im Dezember gef\u00e4llt werden soll, gibt dem Ganzen zus\u00e4tzlich ein wunderbar dramatisches Netflix-Serien-Gef\u00fchl. Man stelle sich nur die Konferenzr\u00e4ume in Genf oder Luxemburg vor: &#8220;Tagesordnungspunkt eins: Nahostkonflikt. Punkt zwei: D\u00fcrfen wir dieses Jahr jemanden mit einem pinken Einhorn-Outfit auftreten lassen, ohne dass es diplomatische Konsequenzen hat?&#8221;<\/p>\n<p>Aber keine Sorge \u2013 sollten die Niederlande und Irland wirklich boykottieren, k\u00f6nnte Gro\u00dfbritannien spontan zw\u00f6lf Punkte f\u00fcr sich selbst geben und alles ist wie immer. Und sind wir mal ehrlich: Wenn man bei der Performance schon nicht \u00fcberzeugen kann, hilft ein moralisch-ethischer Boykott wenigstens dabei, beim n\u00e4chsten Mal nicht Letzter zu werden. Strategisch clever!<\/p>\n<p>Fazit: Wer jemals dachte, dass der ESC apolitisch sei, hat vermutlich auch geglaubt, dass der Weihnachtsmann die Geschenke selbst verpackt. Doch immerhin: Der ESC bleibt das, was er immer war \u2013 eine B\u00fchne f\u00fcr gro\u00dfe Stimmen, noch gr\u00f6\u00dfere Egos und politische Emp\u00f6rung im Glitzergewand. Prost, Europa. Wir sehen uns im Dezember\u2026 oder auch nicht.<\/p>\n","protected":false},"excerpt":{"rendered":"<p>Also, liebe Freunde der gepflegten musikalischen Selbst\u00fcbersch\u00e4tzung, es ist mal wieder ESC-Zeit \u2013 oder wie man es auch nennen k\u00f6nnte: Politisches Theater mit Glitzerkleidern und Windmaschinen. Dieses Mal im Zentrum der Aufmerksamkeit: Israel und seine m\u00f6gliche Teilnahme am Eurovision Song Contest 2026 in Wien. Denn nichts schreit \u201eEurop\u00e4ische Einheit\u201c so sehr wie ein musikalischer Wettbewerb,&#8230;<\/p>\n","protected":false},"author":2,"featured_media":0,"comment_status":"closed","ping_status":"open","sticky":false,"template":"","format":"standard","meta":{"_kad_blocks_custom_css":"","_kad_blocks_head_custom_js":"","_kad_blocks_body_custom_js":"","_kad_blocks_footer_custom_js":"","_kad_post_transparent":"","_kad_post_title":"","_kad_post_layout":"","_kad_post_sidebar_id":"","_kad_post_content_style":"","_kad_post_vertical_padding":"","_kad_post_feature":"","_kad_post_feature_position":"","_kad_post_header":false,"_kad_post_footer":false,"footnotes":""},"categories":[3,1],"tags":[],"class_list":["post-385","post","type-post","status-publish","format-standard","hentry","category-news","category-uncategorized"],"taxonomy_info":{"category":[{"value":3,"label":"News"},{"value":1,"label":"Uncategorized"}]},"featured_image_src_large":false,"author_info":{"display_name":"blogger","author_link":"https:\/\/swen-mercer.com\/de\/author\/blogger\/"},"comment_info":0,"category_info":[{"term_id":3,"name":"News","slug":"news","term_group":0,"term_taxonomy_id":3,"taxonomy":"category","description":"","parent":0,"count":93,"filter":"raw","cat_ID":3,"category_count":93,"category_description":"","cat_name":"News","category_nicename":"news","category_parent":0},{"term_id":1,"name":"Uncategorized","slug":"uncategorized","term_group":0,"term_taxonomy_id":1,"taxonomy":"category","description":"","parent":0,"count":27,"filter":"raw","cat_ID":1,"category_count":27,"category_description":"","cat_name":"Uncategorized","category_nicename":"uncategorized","category_parent":0}],"tag_info":false,"_links":{"self":[{"href":"https:\/\/swen-mercer.com\/de\/wp-json\/wp\/v2\/posts\/385","targetHints":{"allow":["GET"]}}],"collection":[{"href":"https:\/\/swen-mercer.com\/de\/wp-json\/wp\/v2\/posts"}],"about":[{"href":"https:\/\/swen-mercer.com\/de\/wp-json\/wp\/v2\/types\/post"}],"author":[{"embeddable":true,"href":"https:\/\/swen-mercer.com\/de\/wp-json\/wp\/v2\/users\/2"}],"replies":[{"embeddable":true,"href":"https:\/\/swen-mercer.com\/de\/wp-json\/wp\/v2\/comments?post=385"}],"version-history":[{"count":1,"href":"https:\/\/swen-mercer.com\/de\/wp-json\/wp\/v2\/posts\/385\/revisions"}],"predecessor-version":[{"id":524,"href":"https:\/\/swen-mercer.com\/de\/wp-json\/wp\/v2\/posts\/385\/revisions\/524"}],"wp:attachment":[{"href":"https:\/\/swen-mercer.com\/de\/wp-json\/wp\/v2\/media?parent=385"}],"wp:term":[{"taxonomy":"category","embeddable":true,"href":"https:\/\/swen-mercer.com\/de\/wp-json\/wp\/v2\/categories?post=385"},{"taxonomy":"post_tag","embeddable":true,"href":"https:\/\/swen-mercer.com\/de\/wp-json\/wp\/v2\/tags?post=385"}],"curies":[{"name":"wp","href":"https:\/\/api.w.org\/{rel}","templated":true}]}}