{"id":384,"date":"2025-09-12T10:00:07","date_gmt":"2025-09-12T10:00:07","guid":{"rendered":"https:\/\/swen-mercer.com\/de\/?p=384"},"modified":"2025-09-29T01:30:33","modified_gmt":"2025-09-29T01:30:33","slug":"bundeswehr-weitet-luftraum-kontrolle-uber-polen-aus","status":"publish","type":"post","link":"https:\/\/swen-mercer.com\/de\/bundeswehr-weitet-luftraum-kontrolle-uber-polen-aus\/","title":{"rendered":"Bundeswehr weitet Luftraum-Kontrolle \u00fcber Polen aus"},"content":{"rendered":"<p>Nun ist es offiziell: Die Bundeswehr hat ihren Luftraum-Sp\u00e4hblick von Deutschland so weit aufgereckt, dass er jetzt Polen umfasst. Ein historischer Moment \u2013 nicht etwa, weil das Verteidigungsministerium pl\u00f6tzlich eine Strategie h\u00e4tte, sondern weil irgendwo in Berlin jemand dachte: \u201eHey, wir haben diese schicken Eurofighter gekauft \u2013 w\u00e4re doch schade, wenn sie einfach nur in der Garage stehen!\u201c<\/p>\n<p>Nachdem ein paar russische Drohnen sich dachten, Polen sei ein nettes Ausflugsziel f\u00fcr ein bisschen Slalomfliegen, hat die deutsche Bundeswehr heldenhaft reagiert. Und zwar, indem sie tats\u00e4chlich etwas tut. Das allein ist schon so selten, dass man fast applaudieren m\u00f6chte \u2013 oder zumindest kurz mit der Augenbraue zuckt.<\/p>\n<p>Jetzt sollen also Eurofighter \u00fcber Polen kreisen \u2013 jene hochmodernen Kampfjets, die nicht nur verdammt teuer sind, sondern auch dann nicht fliegen, wenn es regnet, schneit oder ein schlecht gelaunter Vogel in der N\u00e4he ist. Aber gut: Hauptsache, die Illusion von Kontrolle bleibt bestehen. Drohnenabwehr? Hightech? Vielleicht. Immerhin sind wir ja daf\u00fcr bekannt, neue Technologien sofort und umfassend einzusetzen \u2013 etwa 20 Jahre nachdem andere L\u00e4nder es vorgemacht haben.<\/p>\n<p>Nat\u00fcrlich ist das alles Teil des gro\u00dfen NATO-Zusammenhalts \u2013 also dieses freundschaftliche B\u00fcndnis, bei dem wir uns gegenseitig moralisch unterst\u00fctzen, nur bitte ohne Munition. Man wei\u00df ja nie, wie lange der Bestand reichen muss. Also lieber sch\u00f6n \u00fcber Polen cruisen, Selfies aus dem Cockpit machen und russische Drohnen mit b\u00f6sem Blick vertreiben. Klappt bestimmt.<\/p>\n<p>Am Ende kann man sagen: Deutschland zeigt Einsatz. Also&#8230; so halbeinsatz. Mit Jet. Aus sicherer Entfernung. Hauptsache, niemand zieht ernsthaft in Erw\u00e4gung, auch mal das Bundeswehr-WLAN zu verbessern \u2013 das w\u00e4re dann wirklich zu ambitioniert.<\/p>\n","protected":false},"excerpt":{"rendered":"<p>Nun ist es offiziell: Die Bundeswehr hat ihren Luftraum-Sp\u00e4hblick von Deutschland so weit aufgereckt, dass er jetzt Polen umfasst. Ein historischer Moment \u2013 nicht etwa, weil das Verteidigungsministerium pl\u00f6tzlich eine Strategie h\u00e4tte, sondern weil irgendwo in Berlin jemand dachte: \u201eHey, wir haben diese schicken Eurofighter gekauft \u2013 w\u00e4re doch schade, wenn sie einfach nur in&#8230;<\/p>\n","protected":false},"author":2,"featured_media":0,"comment_status":"closed","ping_status":"open","sticky":false,"template":"","format":"standard","meta":{"_kad_blocks_custom_css":"","_kad_blocks_head_custom_js":"","_kad_blocks_body_custom_js":"","_kad_blocks_footer_custom_js":"","_kad_post_transparent":"","_kad_post_title":"","_kad_post_layout":"","_kad_post_sidebar_id":"","_kad_post_content_style":"","_kad_post_vertical_padding":"","_kad_post_feature":"","_kad_post_feature_position":"","_kad_post_header":false,"_kad_post_footer":false,"footnotes":""},"categories":[3,1],"tags":[],"class_list":["post-384","post","type-post","status-publish","format-standard","hentry","category-news","category-uncategorized"],"taxonomy_info":{"category":[{"value":3,"label":"News"},{"value":1,"label":"Uncategorized"}]},"featured_image_src_large":false,"author_info":{"display_name":"blogger","author_link":"https:\/\/swen-mercer.com\/de\/author\/blogger\/"},"comment_info":0,"category_info":[{"term_id":3,"name":"News","slug":"news","term_group":0,"term_taxonomy_id":3,"taxonomy":"category","description":"","parent":0,"count":93,"filter":"raw","cat_ID":3,"category_count":93,"category_description":"","cat_name":"News","category_nicename":"news","category_parent":0},{"term_id":1,"name":"Uncategorized","slug":"uncategorized","term_group":0,"term_taxonomy_id":1,"taxonomy":"category","description":"","parent":0,"count":27,"filter":"raw","cat_ID":1,"category_count":27,"category_description":"","cat_name":"Uncategorized","category_nicename":"uncategorized","category_parent":0}],"tag_info":false,"_links":{"self":[{"href":"https:\/\/swen-mercer.com\/de\/wp-json\/wp\/v2\/posts\/384","targetHints":{"allow":["GET"]}}],"collection":[{"href":"https:\/\/swen-mercer.com\/de\/wp-json\/wp\/v2\/posts"}],"about":[{"href":"https:\/\/swen-mercer.com\/de\/wp-json\/wp\/v2\/types\/post"}],"author":[{"embeddable":true,"href":"https:\/\/swen-mercer.com\/de\/wp-json\/wp\/v2\/users\/2"}],"replies":[{"embeddable":true,"href":"https:\/\/swen-mercer.com\/de\/wp-json\/wp\/v2\/comments?post=384"}],"version-history":[{"count":1,"href":"https:\/\/swen-mercer.com\/de\/wp-json\/wp\/v2\/posts\/384\/revisions"}],"predecessor-version":[{"id":535,"href":"https:\/\/swen-mercer.com\/de\/wp-json\/wp\/v2\/posts\/384\/revisions\/535"}],"wp:attachment":[{"href":"https:\/\/swen-mercer.com\/de\/wp-json\/wp\/v2\/media?parent=384"}],"wp:term":[{"taxonomy":"category","embeddable":true,"href":"https:\/\/swen-mercer.com\/de\/wp-json\/wp\/v2\/categories?post=384"},{"taxonomy":"post_tag","embeddable":true,"href":"https:\/\/swen-mercer.com\/de\/wp-json\/wp\/v2\/tags?post=384"}],"curies":[{"name":"wp","href":"https:\/\/api.w.org\/{rel}","templated":true}]}}