{"id":382,"date":"2025-09-10T10:00:10","date_gmt":"2025-09-10T10:00:10","guid":{"rendered":"https:\/\/swen-mercer.com\/de\/?p=382"},"modified":"2025-09-29T01:30:33","modified_gmt":"2025-09-29T01:30:33","slug":"eu-einstufung-von-gas-und-atomkraft-als-nachhaltig-ist-rechtens","status":"publish","type":"post","link":"https:\/\/swen-mercer.com\/de\/eu-einstufung-von-gas-und-atomkraft-als-nachhaltig-ist-rechtens\/","title":{"rendered":"EU-Einstufung von Gas und Atomkraft als nachhaltig ist rechtens"},"content":{"rendered":"<p>Endlich! Die Welt ist gerettet, die Ozeane atmen auf, die Eisb\u00e4ren tanzen Polka auf der schmelzenden Eisscholle: Atomkraft und Erdgas sind jetzt offiziell \u201enachhaltig\u201c. Zumindest laut EU-Kommission. Und wenn jemand Ahnung von Umweltschutz hat, dann ja wohl eine b\u00fcrokratische Institution mit einer jahrzehntelangen Leidenschaft f\u00fcr Gl\u00fchlampenverordnungen und Kr\u00fcmmungsradien von Gurken.  <\/p>\n<p>Nat\u00fcrlich war da dieser eine Spa\u00dfverderber \u2013 \u00d6sterreich. Die Alpenrepublik hatte glatt die Dreistigkeit, eine Klage einzureichen, weil sie dachte, \u201enachhaltig\u201c bedeute etwa \u201egut f\u00fcr die Umwelt\u201c. So naiv. Vermutlich glauben sie auch noch an Nikolaus und CO\u2082-Bilanzen. Aber keine Sorge: Der Europ\u00e4ische Gerichtshof hat sich die Akten angesehen, tief durchgeatmet (vermutlich nicht in der N\u00e4he eines Gaskraftwerks), und festgestellt: Alles tutti. <\/p>\n<p>Atomkraft ist also nachhaltig \u2013 immerhin entstehen dabei keine direkten CO\u2082-Emissionen. Nur ein bisschen radioaktiver Abfall, der schlappe 24.000 Jahre lang leuchtet wie ein schlecht gelaunter Gl\u00fchwurm. Und was ist romantischer als ein leises R\u00f6cheln aus dem Atombunker?  <\/p>\n<p>Erdgas hingegen, der kleine Bruder von Kohle, gl\u00fcht jetzt ebenfalls gr\u00fcn vor lauter Nachhaltigkeit. Klar, Methanleckagen hier, CO\u2082 da \u2013 aber hey, irgendwo muss die W\u00e4rme f\u00fcr unsere Bio-Fu\u00dfbodenheizungen ja herkommen.  <\/p>\n<p>Die Begr\u00fcndung? Es gehe darum, den \u201e\u00dcbergang zu einer klimaneutralen Wirtschaft\u201c zu erleichtern. Brillant! Wer k\u00f6nnte besser den Weg in eine fossilfreie Zukunft ebnen als&#8230; Fossilien?  <\/p>\n<p>Vielleicht folgt demn\u00e4chst eine EU-Beilage zur Taxonomie: Zigaretten \u2013 gesundheitsf\u00f6rderlich (wegen der tiefen Atemz\u00fcge), SUVs \u2013 ressourceneffizient (es passen ja f\u00fcnf Yogamatten rein), und Plastikm\u00fcll \u2013 moderner Korallenersatz.  <\/p>\n<p>Wir sollten der EU danken. Nicht nur daf\u00fcr, dass sie die semantische Akrobatik perfektioniert hat, sondern auch f\u00fcr die beruhigende Botschaft: Die Welt mag untergehen, aber wenigstens in formal korrekt klassifizierter Nachhaltigkeit.<\/p>\n","protected":false},"excerpt":{"rendered":"<p>Endlich! Die Welt ist gerettet, die Ozeane atmen auf, die Eisb\u00e4ren tanzen Polka auf der schmelzenden Eisscholle: Atomkraft und Erdgas sind jetzt offiziell \u201enachhaltig\u201c. Zumindest laut EU-Kommission. Und wenn jemand Ahnung von Umweltschutz hat, dann ja wohl eine b\u00fcrokratische Institution mit einer jahrzehntelangen Leidenschaft f\u00fcr Gl\u00fchlampenverordnungen und Kr\u00fcmmungsradien von Gurken. Nat\u00fcrlich war da dieser eine&#8230;<\/p>\n","protected":false},"author":2,"featured_media":0,"comment_status":"closed","ping_status":"open","sticky":false,"template":"","format":"standard","meta":{"_kad_blocks_custom_css":"","_kad_blocks_head_custom_js":"","_kad_blocks_body_custom_js":"","_kad_blocks_footer_custom_js":"","_kad_post_transparent":"","_kad_post_title":"","_kad_post_layout":"","_kad_post_sidebar_id":"","_kad_post_content_style":"","_kad_post_vertical_padding":"","_kad_post_feature":"","_kad_post_feature_position":"","_kad_post_header":false,"_kad_post_footer":false,"footnotes":""},"categories":[3,1],"tags":[],"class_list":["post-382","post","type-post","status-publish","format-standard","hentry","category-news","category-uncategorized"],"taxonomy_info":{"category":[{"value":3,"label":"News"},{"value":1,"label":"Uncategorized"}]},"featured_image_src_large":false,"author_info":{"display_name":"blogger","author_link":"https:\/\/swen-mercer.com\/de\/author\/blogger\/"},"comment_info":0,"category_info":[{"term_id":3,"name":"News","slug":"news","term_group":0,"term_taxonomy_id":3,"taxonomy":"category","description":"","parent":0,"count":93,"filter":"raw","cat_ID":3,"category_count":93,"category_description":"","cat_name":"News","category_nicename":"news","category_parent":0},{"term_id":1,"name":"Uncategorized","slug":"uncategorized","term_group":0,"term_taxonomy_id":1,"taxonomy":"category","description":"","parent":0,"count":27,"filter":"raw","cat_ID":1,"category_count":27,"category_description":"","cat_name":"Uncategorized","category_nicename":"uncategorized","category_parent":0}],"tag_info":false,"_links":{"self":[{"href":"https:\/\/swen-mercer.com\/de\/wp-json\/wp\/v2\/posts\/382","targetHints":{"allow":["GET"]}}],"collection":[{"href":"https:\/\/swen-mercer.com\/de\/wp-json\/wp\/v2\/posts"}],"about":[{"href":"https:\/\/swen-mercer.com\/de\/wp-json\/wp\/v2\/types\/post"}],"author":[{"embeddable":true,"href":"https:\/\/swen-mercer.com\/de\/wp-json\/wp\/v2\/users\/2"}],"replies":[{"embeddable":true,"href":"https:\/\/swen-mercer.com\/de\/wp-json\/wp\/v2\/comments?post=382"}],"version-history":[{"count":1,"href":"https:\/\/swen-mercer.com\/de\/wp-json\/wp\/v2\/posts\/382\/revisions"}],"predecessor-version":[{"id":533,"href":"https:\/\/swen-mercer.com\/de\/wp-json\/wp\/v2\/posts\/382\/revisions\/533"}],"wp:attachment":[{"href":"https:\/\/swen-mercer.com\/de\/wp-json\/wp\/v2\/media?parent=382"}],"wp:term":[{"taxonomy":"category","embeddable":true,"href":"https:\/\/swen-mercer.com\/de\/wp-json\/wp\/v2\/categories?post=382"},{"taxonomy":"post_tag","embeddable":true,"href":"https:\/\/swen-mercer.com\/de\/wp-json\/wp\/v2\/tags?post=382"}],"curies":[{"name":"wp","href":"https:\/\/api.w.org\/{rel}","templated":true}]}}