{"id":381,"date":"2025-09-09T10:00:07","date_gmt":"2025-09-09T10:00:07","guid":{"rendered":"https:\/\/swen-mercer.com\/de\/?p=381"},"modified":"2025-09-29T01:30:33","modified_gmt":"2025-09-29T01:30:33","slug":"nach-dem-sturz-der-regierung-steht-frankreichs-prasident-macron-unter-druck","status":"publish","type":"post","link":"https:\/\/swen-mercer.com\/de\/nach-dem-sturz-der-regierung-steht-frankreichs-prasident-macron-unter-druck\/","title":{"rendered":"Nach dem Sturz der Regierung steht Frankreichs Pr\u00e4sident Macron unter Druck"},"content":{"rendered":"<p>Also wirklich, wer h\u00e4tte das kommen sehen k\u00f6nnen? Ein franz\u00f6sischer Premierminister Bayrou, der in der Nationalversammlung scheitert \u2013 v\u00f6llig unerwartet. Ich meine, was k\u00f6nnte in einer durch und durch harmonischen, einig-verliebten parlamentarischen Demokratie wie Frankreich auch schon schiefgehen?<\/p>\n<p>Emmanuel Macron steht jetzt also unter Druck. Oh l\u00e0 l\u00e0, welch ein Novum! Der Pr\u00e4sident unter Stress \u2013 das ist ja fast so selten wie Streiks in Paris oder Croissantpreise, die h\u00f6her steigen als seine Zustimmungsraten fallen.<\/p>\n<p>Bayrou hat also die Vertrauensfrage gestellt. M\u00f6chte jemand kurz erkl\u00e4ren, wann genau es je eine gute Idee war, sich in einem franz\u00f6sischen Parlament auf Vertrauen zu verlassen? Das ist, als w\u00fcrde man eine Katze darum bitten, den Goldfisch zu babysitten \u2013 kann klappen, tut es aber in der Regel nicht.<\/p>\n<p>Und jetzt hat Macron DIE WAHL. Zwei Optionen! Luxus pur! Andere Menschen bekommen nach einem politischen Desaster meist Tee und ein Bewerbungsgespr\u00e4ch bei LinkedIn. Macron hingegen darf entscheiden: 1) Den ganzen Laden aufl\u00f6sen und Neuwahlen riskieren \u2013 was k\u00f6nnte da schon schiefgehen, au\u00dfer alles? Oder 2) Eine neue Regierung basteln, vermutlich aus Restposten und politisch halbwegs kompatiblen Zimmerpflanzen.<\/p>\n<p>Die Spannung ist kaum auszuhalten. Wird Macron auf der parlamentarischen B\u00fchne einen weiteren Remix seines politischen Kabaretts liefern? Wird das ganze Spektakel in einer Netflix-Doku enden? Oder bringt er einfach G\u00e9rard Depardieu als neuen Premier \u2013 einfach, weil\u2019s geht?<\/p>\n<p>Die Franzosen warten derweil geduldig. Und mit &#8220;geduldig&#8221; meine ich nat\u00fcrlich &#8220;mit Fackeln und Bannern vor dem Parlament&#8221;. Man muss die franz\u00f6sische Leidenschaft f\u00fcr Demokratie einfach lieben: Entweder funktioniert sie nicht oder sie funktioniert so laut, dass man das Baguette nicht mehr in Ruhe knuspern kann.<\/p>\n<p>Am Ende bleibt nur eine Frage offen: Wer hat eigentlich noch Vertrauen in die Vertrauensfrage? Ich nicht. Aber hey \u2013 das bin ja nur ich, die Stimme der Vernunft in einem Meer aus politischem Improvisationstheater. Bon app\u00e9tit, R\u00e9publique!<\/p>\n","protected":false},"excerpt":{"rendered":"<p>Also wirklich, wer h\u00e4tte das kommen sehen k\u00f6nnen? Ein franz\u00f6sischer Premierminister Bayrou, der in der Nationalversammlung scheitert \u2013 v\u00f6llig unerwartet. Ich meine, was k\u00f6nnte in einer durch und durch harmonischen, einig-verliebten parlamentarischen Demokratie wie Frankreich auch schon schiefgehen? Emmanuel Macron steht jetzt also unter Druck. Oh l\u00e0 l\u00e0, welch ein Novum! Der Pr\u00e4sident unter Stress&#8230;<\/p>\n","protected":false},"author":2,"featured_media":0,"comment_status":"closed","ping_status":"open","sticky":false,"template":"","format":"standard","meta":{"_kad_blocks_custom_css":"","_kad_blocks_head_custom_js":"","_kad_blocks_body_custom_js":"","_kad_blocks_footer_custom_js":"","_kad_post_transparent":"","_kad_post_title":"","_kad_post_layout":"","_kad_post_sidebar_id":"","_kad_post_content_style":"","_kad_post_vertical_padding":"","_kad_post_feature":"","_kad_post_feature_position":"","_kad_post_header":false,"_kad_post_footer":false,"footnotes":""},"categories":[3,1],"tags":[],"class_list":["post-381","post","type-post","status-publish","format-standard","hentry","category-news","category-uncategorized"],"taxonomy_info":{"category":[{"value":3,"label":"News"},{"value":1,"label":"Uncategorized"}]},"featured_image_src_large":false,"author_info":{"display_name":"blogger","author_link":"https:\/\/swen-mercer.com\/de\/author\/blogger\/"},"comment_info":0,"category_info":[{"term_id":3,"name":"News","slug":"news","term_group":0,"term_taxonomy_id":3,"taxonomy":"category","description":"","parent":0,"count":93,"filter":"raw","cat_ID":3,"category_count":93,"category_description":"","cat_name":"News","category_nicename":"news","category_parent":0},{"term_id":1,"name":"Uncategorized","slug":"uncategorized","term_group":0,"term_taxonomy_id":1,"taxonomy":"category","description":"","parent":0,"count":27,"filter":"raw","cat_ID":1,"category_count":27,"category_description":"","cat_name":"Uncategorized","category_nicename":"uncategorized","category_parent":0}],"tag_info":false,"_links":{"self":[{"href":"https:\/\/swen-mercer.com\/de\/wp-json\/wp\/v2\/posts\/381","targetHints":{"allow":["GET"]}}],"collection":[{"href":"https:\/\/swen-mercer.com\/de\/wp-json\/wp\/v2\/posts"}],"about":[{"href":"https:\/\/swen-mercer.com\/de\/wp-json\/wp\/v2\/types\/post"}],"author":[{"embeddable":true,"href":"https:\/\/swen-mercer.com\/de\/wp-json\/wp\/v2\/users\/2"}],"replies":[{"embeddable":true,"href":"https:\/\/swen-mercer.com\/de\/wp-json\/wp\/v2\/comments?post=381"}],"version-history":[{"count":1,"href":"https:\/\/swen-mercer.com\/de\/wp-json\/wp\/v2\/posts\/381\/revisions"}],"predecessor-version":[{"id":532,"href":"https:\/\/swen-mercer.com\/de\/wp-json\/wp\/v2\/posts\/381\/revisions\/532"}],"wp:attachment":[{"href":"https:\/\/swen-mercer.com\/de\/wp-json\/wp\/v2\/media?parent=381"}],"wp:term":[{"taxonomy":"category","embeddable":true,"href":"https:\/\/swen-mercer.com\/de\/wp-json\/wp\/v2\/categories?post=381"},{"taxonomy":"post_tag","embeddable":true,"href":"https:\/\/swen-mercer.com\/de\/wp-json\/wp\/v2\/tags?post=381"}],"curies":[{"name":"wp","href":"https:\/\/api.w.org\/{rel}","templated":true}]}}