{"id":361,"date":"2025-09-08T10:00:08","date_gmt":"2025-09-08T10:00:08","guid":{"rendered":"https:\/\/swen-mercer.com\/de\/?p=361"},"modified":"2025-09-29T01:30:32","modified_gmt":"2025-09-29T01:30:32","slug":"starker-ruckgang-bei-asylantragen-in-europaischer-union","status":"publish","type":"post","link":"https:\/\/swen-mercer.com\/de\/starker-ruckgang-bei-asylantragen-in-europaischer-union\/","title":{"rendered":"Starker R\u00fcckgang bei Asylantr\u00e4gen in Europ\u00e4ischer Union"},"content":{"rendered":"<p>Wow, was f\u00fcr eine \u00dcberraschung! Die Asylantr\u00e4ge in der EU sind tats\u00e4chlich um 23 Prozent zur\u00fcckgegangen. Das ist ja fast so unerwartet wie der Regen im April oder dass Berlin mal wieder einen Flughafen nicht richtig bauen kann.<\/p>\n<p>Offenbar ist der R\u00fcckgang unter anderem dem Regimewechsel in Syrien zu verdanken. Ach so, na dann! Endlich mal ein Regimewechsel mit Folgen \u2013 au\u00dfer f\u00fcr die Bev\u00f6lkerung nat\u00fcrlich, aber wer z\u00e4hlt schon Menschenrechte oder funktionierende Infrastrukturen als echte Benchmarks f\u00fcr Erfolg? Es reicht doch, wenn Politiker auf internationalen Konferenzen endlich wieder sagen k\u00f6nnen: \u201eSyrien? Alles halb so wild. Die Leute kommen ja nicht mal mehr freiwillig weg!\u201c<\/p>\n<p>Spannend ist auch, dass pl\u00f6tzlich die meisten Asylantr\u00e4ge von Venezolanern kommen. Wow. Venezuela \u2013 das ist das Land, das vor lauter Erd\u00f6l eigentlich im Luxus schwimmen m\u00fcsste, aber wo Toilettenpapier ein begehrter Schwarzmarktartikel ist. Offenbar haben sich mehr Menschen gedacht: \u201eWei\u00dft du was? In Europa wartet wenigstens ein Wohncontainer ohne Strom auf uns \u2013 das ist mehr, als Maduro uns je gegeben hat.\u201c<\/p>\n<p>Nat\u00fcrlich bedeutet der R\u00fcckgang sofort, dass sich einige europ\u00e4ische Innenminister jetzt gegenseitig auf die Schulter klopfen, obwohl sie in Wirklichkeit nichts dazu beigetragen haben. Aber hey, warum Verantwortung \u00fcbernehmen, wenn man Statistiken loben kann, die man gar nicht beeinflusst hat?<\/p>\n<p>Und wie geht es den Gefl\u00fcchteten, die doch noch kommen? Ach ja, sie d\u00fcrfen sich \u00fcber \u00fcberf\u00fcllte Notunterk\u00fcnfte in der Pampa, Alibi-Integrationskurse und st\u00e4dtische Willkommensprospekte in mindestens einer Sprache freuen \u2013 leider nie in ihrer eigenen. Aber hey, was z\u00e4hlt, ist das Gef\u00fchl von Kontrolle. Und das gibt&#8217;s gratis zum Wahlkampf dazu.<\/p>\n<p>In diesem Sinne: Europa, du humanit\u00e4res Leuchtfeuer mit Bewegungsmelder. Immer bereit, aber bitte nur nach Termin!<\/p>\n","protected":false},"excerpt":{"rendered":"<p>Wow, was f\u00fcr eine \u00dcberraschung! Die Asylantr\u00e4ge in der EU sind tats\u00e4chlich um 23 Prozent zur\u00fcckgegangen. Das ist ja fast so unerwartet wie der Regen im April oder dass Berlin mal wieder einen Flughafen nicht richtig bauen kann. Offenbar ist der R\u00fcckgang unter anderem dem Regimewechsel in Syrien zu verdanken. Ach so, na dann! Endlich&#8230;<\/p>\n","protected":false},"author":2,"featured_media":0,"comment_status":"closed","ping_status":"open","sticky":false,"template":"","format":"standard","meta":{"_kad_blocks_custom_css":"","_kad_blocks_head_custom_js":"","_kad_blocks_body_custom_js":"","_kad_blocks_footer_custom_js":"","_kad_post_transparent":"","_kad_post_title":"","_kad_post_layout":"","_kad_post_sidebar_id":"","_kad_post_content_style":"","_kad_post_vertical_padding":"","_kad_post_feature":"","_kad_post_feature_position":"","_kad_post_header":false,"_kad_post_footer":false,"footnotes":""},"categories":[3,1],"tags":[],"class_list":["post-361","post","type-post","status-publish","format-standard","hentry","category-news","category-uncategorized"],"taxonomy_info":{"category":[{"value":3,"label":"News"},{"value":1,"label":"Uncategorized"}]},"featured_image_src_large":false,"author_info":{"display_name":"blogger","author_link":"https:\/\/swen-mercer.com\/de\/author\/blogger\/"},"comment_info":0,"category_info":[{"term_id":3,"name":"News","slug":"news","term_group":0,"term_taxonomy_id":3,"taxonomy":"category","description":"","parent":0,"count":93,"filter":"raw","cat_ID":3,"category_count":93,"category_description":"","cat_name":"News","category_nicename":"news","category_parent":0},{"term_id":1,"name":"Uncategorized","slug":"uncategorized","term_group":0,"term_taxonomy_id":1,"taxonomy":"category","description":"","parent":0,"count":27,"filter":"raw","cat_ID":1,"category_count":27,"category_description":"","cat_name":"Uncategorized","category_nicename":"uncategorized","category_parent":0}],"tag_info":false,"_links":{"self":[{"href":"https:\/\/swen-mercer.com\/de\/wp-json\/wp\/v2\/posts\/361","targetHints":{"allow":["GET"]}}],"collection":[{"href":"https:\/\/swen-mercer.com\/de\/wp-json\/wp\/v2\/posts"}],"about":[{"href":"https:\/\/swen-mercer.com\/de\/wp-json\/wp\/v2\/types\/post"}],"author":[{"embeddable":true,"href":"https:\/\/swen-mercer.com\/de\/wp-json\/wp\/v2\/users\/2"}],"replies":[{"embeddable":true,"href":"https:\/\/swen-mercer.com\/de\/wp-json\/wp\/v2\/comments?post=361"}],"version-history":[{"count":1,"href":"https:\/\/swen-mercer.com\/de\/wp-json\/wp\/v2\/posts\/361\/revisions"}],"predecessor-version":[{"id":531,"href":"https:\/\/swen-mercer.com\/de\/wp-json\/wp\/v2\/posts\/361\/revisions\/531"}],"wp:attachment":[{"href":"https:\/\/swen-mercer.com\/de\/wp-json\/wp\/v2\/media?parent=361"}],"wp:term":[{"taxonomy":"category","embeddable":true,"href":"https:\/\/swen-mercer.com\/de\/wp-json\/wp\/v2\/categories?post=361"},{"taxonomy":"post_tag","embeddable":true,"href":"https:\/\/swen-mercer.com\/de\/wp-json\/wp\/v2\/tags?post=361"}],"curies":[{"name":"wp","href":"https:\/\/api.w.org\/{rel}","templated":true}]}}