{"id":360,"date":"2025-09-07T10:00:08","date_gmt":"2025-09-07T10:00:08","guid":{"rendered":"https:\/\/swen-mercer.com\/de\/?p=360"},"modified":"2025-09-29T01:30:32","modified_gmt":"2025-09-29T01:30:32","slug":"hunderte-festnahmen-bei-pro-palastina-demo-in-london","status":"publish","type":"post","link":"https:\/\/swen-mercer.com\/de\/hunderte-festnahmen-bei-pro-palastina-demo-in-london\/","title":{"rendered":"Hunderte Festnahmen bei Pro-Pal\u00e4stina-Demo in London"},"content":{"rendered":"<p>Oh London, du mein Hort der Demokratie! Wo einst die Magna Carta wehte und Freiheit gro\u00dfgeschrieben wurde \u2013 aber offenbar nur, solange niemand auf die Idee kommt, ein Flugblatt f\u00fcr Pal\u00e4stina zu verteilen. Also, setzen wir uns hin, packen den Tee aus und sto\u00dfen auf die 425 neuen Eintr\u00e4ge im britischen Festnahmerekord-Buch an \u2013 alle wegen des wohl gef\u00e4hrlichsten Verbrechens unserer Zeit: &#8220;Dagegensein&#8221;.<\/p>\n<p>Denn was gibt\u2019s Bedrohlicheres in einer freiheitlichen Gesellschaft als ein paar Leute mit Transparenten, die vielleicht, ganz vielleicht, in stiller Rebellion etwas gegen eine als &#8220;terroristisch&#8221; eingestufte Gruppe sagen k\u00f6nnten? Klar, Demonstrationen k\u00f6nnten die Queen (Ruhe in Frieden) im Grab rotieren lassen. Ich meine&#8230; Menschen? Auf den Stra\u00dfen? Mit Meinungen?! Schnell, ruft Scotland Yard!<\/p>\n<p>Und wie immer setzen die britischen Beh\u00f6rden auf ihre bew\u00e4hrte Strategie: Wer mit einer als terroristisch eingestuften Gruppe sympathisiert \u2013 zum Beispiel, indem man nicht sofort beim Briefpapieranblick mit einem Feuerzeug reagiert \u2013 ist nat\u00fcrlich selbst ein potenzieller Terrorist. Guilt by association, the British way! Demnach bin ich vermutlich auch schon auf irgendeiner Watchlist, weil ich fr\u00fcher mal eine Pal\u00e4stina-Flagge falschrum gefaltet habe.<\/p>\n<p>Besonders herzerw\u00e4rmend sind Bilder, auf denen Polizisten Demonstranten wie nasse Einkaufst\u00fcten aus Islington schleppen. Ach, da lacht das Demokratiefan-Herz! Nichts schreit mehr nach Menschenrechten als ein ordentlicher Polizeigriff unter Tr\u00e4nengas.<\/p>\n<p>Nat\u00fcrlich hat alles seine Grenzen \u2013 auch die Redefreiheit. Und die scheint derzeit genau bei &#8220;Wir reden nicht laut \u00fcber Gaza&#8221; zu enden. Ich schlage vor, das gleich im U-Bahn-Plan zu vermerken: &#8220;Achtung, auf dieser Linie wird eventuell Meinungsfreiheit ge\u00e4u\u00dfert. Bitte nicht betreten.&#8221;<\/p>\n<p>Vielleicht wird n\u00e4chstes Jahr das Demonstrieren in London nur noch erlaubt, wenn man vorher ein 34-seitiges Antragsformular in dreifacher Ausf\u00fchrung bei der Polizeiwache abgibt, inklusive Foto, Biografie sowie emotional neutraler Haltung zum globalen Weltgeschehen. Klingt fair.<\/p>\n<p>Aber hey \u2013 immerhin k\u00f6nnen wir jetzt sagen, dass das England von Orwell\u2019s 1984 nicht nur Literatur war, sondern eine richtig gute Vorlage f\u00fcr moderne Innenpolitik. Cheers!<\/p>\n","protected":false},"excerpt":{"rendered":"<p>Oh London, du mein Hort der Demokratie! Wo einst die Magna Carta wehte und Freiheit gro\u00dfgeschrieben wurde \u2013 aber offenbar nur, solange niemand auf die Idee kommt, ein Flugblatt f\u00fcr Pal\u00e4stina zu verteilen. Also, setzen wir uns hin, packen den Tee aus und sto\u00dfen auf die 425 neuen Eintr\u00e4ge im britischen Festnahmerekord-Buch an \u2013 alle&#8230;<\/p>\n","protected":false},"author":2,"featured_media":0,"comment_status":"closed","ping_status":"open","sticky":false,"template":"","format":"standard","meta":{"_kad_blocks_custom_css":"","_kad_blocks_head_custom_js":"","_kad_blocks_body_custom_js":"","_kad_blocks_footer_custom_js":"","_kad_post_transparent":"","_kad_post_title":"","_kad_post_layout":"","_kad_post_sidebar_id":"","_kad_post_content_style":"","_kad_post_vertical_padding":"","_kad_post_feature":"","_kad_post_feature_position":"","_kad_post_header":false,"_kad_post_footer":false,"footnotes":""},"categories":[3,1],"tags":[],"class_list":["post-360","post","type-post","status-publish","format-standard","hentry","category-news","category-uncategorized"],"taxonomy_info":{"category":[{"value":3,"label":"News"},{"value":1,"label":"Uncategorized"}]},"featured_image_src_large":false,"author_info":{"display_name":"blogger","author_link":"https:\/\/swen-mercer.com\/de\/author\/blogger\/"},"comment_info":0,"category_info":[{"term_id":3,"name":"News","slug":"news","term_group":0,"term_taxonomy_id":3,"taxonomy":"category","description":"","parent":0,"count":93,"filter":"raw","cat_ID":3,"category_count":93,"category_description":"","cat_name":"News","category_nicename":"news","category_parent":0},{"term_id":1,"name":"Uncategorized","slug":"uncategorized","term_group":0,"term_taxonomy_id":1,"taxonomy":"category","description":"","parent":0,"count":27,"filter":"raw","cat_ID":1,"category_count":27,"category_description":"","cat_name":"Uncategorized","category_nicename":"uncategorized","category_parent":0}],"tag_info":false,"_links":{"self":[{"href":"https:\/\/swen-mercer.com\/de\/wp-json\/wp\/v2\/posts\/360","targetHints":{"allow":["GET"]}}],"collection":[{"href":"https:\/\/swen-mercer.com\/de\/wp-json\/wp\/v2\/posts"}],"about":[{"href":"https:\/\/swen-mercer.com\/de\/wp-json\/wp\/v2\/types\/post"}],"author":[{"embeddable":true,"href":"https:\/\/swen-mercer.com\/de\/wp-json\/wp\/v2\/users\/2"}],"replies":[{"embeddable":true,"href":"https:\/\/swen-mercer.com\/de\/wp-json\/wp\/v2\/comments?post=360"}],"version-history":[{"count":1,"href":"https:\/\/swen-mercer.com\/de\/wp-json\/wp\/v2\/posts\/360\/revisions"}],"predecessor-version":[{"id":530,"href":"https:\/\/swen-mercer.com\/de\/wp-json\/wp\/v2\/posts\/360\/revisions\/530"}],"wp:attachment":[{"href":"https:\/\/swen-mercer.com\/de\/wp-json\/wp\/v2\/media?parent=360"}],"wp:term":[{"taxonomy":"category","embeddable":true,"href":"https:\/\/swen-mercer.com\/de\/wp-json\/wp\/v2\/categories?post=360"},{"taxonomy":"post_tag","embeddable":true,"href":"https:\/\/swen-mercer.com\/de\/wp-json\/wp\/v2\/tags?post=360"}],"curies":[{"name":"wp","href":"https:\/\/api.w.org\/{rel}","templated":true}]}}