{"id":359,"date":"2025-09-06T10:00:09","date_gmt":"2025-09-06T10:00:09","guid":{"rendered":"https:\/\/swen-mercer.com\/de\/?p=359"},"modified":"2025-09-29T01:30:32","modified_gmt":"2025-09-29T01:30:32","slug":"serbische-polizei-geht-gegen-demonstranten-vor","status":"publish","type":"post","link":"https:\/\/swen-mercer.com\/de\/serbische-polizei-geht-gegen-demonstranten-vor\/","title":{"rendered":"Serbische Polizei geht gegen Demonstranten vor"},"content":{"rendered":"<p>Ah, Serbien \u2013 das Land, das die altehrw\u00fcrdige Disziplin \u201ePolit-Protest-Kampfsport\u201c zur neuen olympischen Kategorie hochstilisiert hat. Seit zehn Monaten \u2013 ja, MONATEN \u2013 stehen B\u00fcrgerinnen und B\u00fcrger auf der Stra\u00dfe, weil sie offenbar noch nicht kapiert haben, dass Demokratie am besten funktioniert, wenn man einfach die Klappe h\u00e4lt und still nickt.<\/p>\n<p>Die Regierung unter Pr\u00e4sident Aleksandar Vucic zeigt sich dabei so \u00fcberrascht \u00fcber die anhaltenden Proteste wie ein Goldfisch \u00fcber sein Wasserglas: \u201eWas, schon wieder Menschen mit Meinung? Na sowas.\u201c Und w\u00e4hrend in anderen L\u00e4ndern die Polizei manchmal noch versucht, deeskalierend zu wirken, denkt sich die serbische Einsatztruppe wohl: \u201eWarum Reden, wenn man auch tr\u00e4nenreich kommunizieren kann?\u201c Tr\u00e4nengas und Schlagst\u00f6cke \u2013 Serbiens neue Kommunikations-Tools f\u00fcr politische Diskurse.<\/p>\n<p>Nat\u00fcrlich wurden die Protestierenden nicht einfach so zusammengepr\u00fcgelt \u2013 das w\u00e4re ja emp\u00f6rungstechnisch langweilig. Nein, vermutlich haben sie die Dreistigkeit besessen, \u00f6ffentlich zu atmen oder Schilder zu tragen, auf denen nicht stand: \u201eDanke, Herr Pr\u00e4sident, dass Sie die Sonnenaufg\u00e4nge so sch\u00f6n regieren.\u201c<\/p>\n<p>Und man muss dem Staat ja auch zugutehalten: Er ist sehr effizient. Warum monatelang Gespr\u00e4che f\u00fchren oder gar auf Forderungen eingehen, wenn man mit Gummikn\u00fcppeln viel schneller sagen kann: \u201eWir h\u00f6ren euch. Und jetzt geht nach Hause, bevor wir euch wirklich zuh\u00f6ren m\u00fcssen.\u201c<\/p>\n<p>Inzwischen entwickelt sich Novi Sad zum Hotspot f\u00fcr politisch interessierte Amateur-Sprinter \u2013 also Menschen, die es schaffen, mit einem Plakat loszulaufen und vor dem n\u00e4chsten Tr\u00e4nengasnebel wieder in Deckung zu gehen. Vielleicht sollten Proteste k\u00fcnftig als Extremsportart anerkannt werden. Oder einfach als Teil des Tourismusprogramms: \u201eWillkommen in Serbien \u2013 erleben Sie unseren traditionellen Protestmarsch mit Showeinlagen der Polizei.\u201c<\/p>\n<p>Wirklich herzzerrei\u00dfend ist, wie \u00fcberrascht die Regierung immer wieder tut. Zehn Monate Protest? Nein, das seien doch nur versprengte Einzelf\u00e4lle. Vermutlich ist es nur ein besonders enthusiastischer Junggesellenabschied, der sich extrem f\u00fcr freie Medien engagiert.<\/p>\n<p>Und w\u00e4hrend sich die Demonstrierenden mit Masken vor Tr\u00e4nengas sch\u00fctzen und in Deckung gehen, fragt man sich: Wie viele Jahre dauert es wohl, bis eine serbische Regierung auf eine andere Idee kommt als \u201efestnehmen, pr\u00fcgeln, abmoderieren\u201c?<\/p>\n<p>Aber hey \u2013 immerhin gibt es jetzt wieder sch\u00f6ne Bilder im Internet: Rauch, schreiende Menschen und pr\u00fcgelnde Beamte. Wer braucht schon politische Reformen, wenn man einen Nationalstolz-Actionfilm live erleben kann?<\/p>\n<p>Serbien, das Hollywood des autorit\u00e4ren Polizeieinsatzes. Popcorn gibts leider nur im Exil.<\/p>\n","protected":false},"excerpt":{"rendered":"<p>Ah, Serbien \u2013 das Land, das die altehrw\u00fcrdige Disziplin \u201ePolit-Protest-Kampfsport\u201c zur neuen olympischen Kategorie hochstilisiert hat. Seit zehn Monaten \u2013 ja, MONATEN \u2013 stehen B\u00fcrgerinnen und B\u00fcrger auf der Stra\u00dfe, weil sie offenbar noch nicht kapiert haben, dass Demokratie am besten funktioniert, wenn man einfach die Klappe h\u00e4lt und still nickt. Die Regierung unter Pr\u00e4sident&#8230;<\/p>\n","protected":false},"author":2,"featured_media":0,"comment_status":"closed","ping_status":"open","sticky":false,"template":"","format":"standard","meta":{"_kad_blocks_custom_css":"","_kad_blocks_head_custom_js":"","_kad_blocks_body_custom_js":"","_kad_blocks_footer_custom_js":"","_kad_post_transparent":"","_kad_post_title":"","_kad_post_layout":"","_kad_post_sidebar_id":"","_kad_post_content_style":"","_kad_post_vertical_padding":"","_kad_post_feature":"","_kad_post_feature_position":"","_kad_post_header":false,"_kad_post_footer":false,"footnotes":""},"categories":[3,1],"tags":[],"class_list":["post-359","post","type-post","status-publish","format-standard","hentry","category-news","category-uncategorized"],"taxonomy_info":{"category":[{"value":3,"label":"News"},{"value":1,"label":"Uncategorized"}]},"featured_image_src_large":false,"author_info":{"display_name":"blogger","author_link":"https:\/\/swen-mercer.com\/de\/author\/blogger\/"},"comment_info":0,"category_info":[{"term_id":3,"name":"News","slug":"news","term_group":0,"term_taxonomy_id":3,"taxonomy":"category","description":"","parent":0,"count":93,"filter":"raw","cat_ID":3,"category_count":93,"category_description":"","cat_name":"News","category_nicename":"news","category_parent":0},{"term_id":1,"name":"Uncategorized","slug":"uncategorized","term_group":0,"term_taxonomy_id":1,"taxonomy":"category","description":"","parent":0,"count":27,"filter":"raw","cat_ID":1,"category_count":27,"category_description":"","cat_name":"Uncategorized","category_nicename":"uncategorized","category_parent":0}],"tag_info":false,"_links":{"self":[{"href":"https:\/\/swen-mercer.com\/de\/wp-json\/wp\/v2\/posts\/359","targetHints":{"allow":["GET"]}}],"collection":[{"href":"https:\/\/swen-mercer.com\/de\/wp-json\/wp\/v2\/posts"}],"about":[{"href":"https:\/\/swen-mercer.com\/de\/wp-json\/wp\/v2\/types\/post"}],"author":[{"embeddable":true,"href":"https:\/\/swen-mercer.com\/de\/wp-json\/wp\/v2\/users\/2"}],"replies":[{"embeddable":true,"href":"https:\/\/swen-mercer.com\/de\/wp-json\/wp\/v2\/comments?post=359"}],"version-history":[{"count":1,"href":"https:\/\/swen-mercer.com\/de\/wp-json\/wp\/v2\/posts\/359\/revisions"}],"predecessor-version":[{"id":529,"href":"https:\/\/swen-mercer.com\/de\/wp-json\/wp\/v2\/posts\/359\/revisions\/529"}],"wp:attachment":[{"href":"https:\/\/swen-mercer.com\/de\/wp-json\/wp\/v2\/media?parent=359"}],"wp:term":[{"taxonomy":"category","embeddable":true,"href":"https:\/\/swen-mercer.com\/de\/wp-json\/wp\/v2\/categories?post=359"},{"taxonomy":"post_tag","embeddable":true,"href":"https:\/\/swen-mercer.com\/de\/wp-json\/wp\/v2\/tags?post=359"}],"curies":[{"name":"wp","href":"https:\/\/api.w.org\/{rel}","templated":true}]}}