{"id":355,"date":"2025-09-01T08:11:34","date_gmt":"2025-09-01T08:11:34","guid":{"rendered":"https:\/\/swen-mercer.com\/de\/?p=355"},"modified":"2025-09-29T01:30:32","modified_gmt":"2025-09-29T01:30:32","slug":"zehn-jahre-wir-schaffen-das-triebfeder-fur-europas-asylreform-3","status":"publish","type":"post","link":"https:\/\/swen-mercer.com\/de\/zehn-jahre-wir-schaffen-das-triebfeder-fur-europas-asylreform-3\/","title":{"rendered":"Zehn Jahre &#8220;Wir schaffen das&#8221;: Triebfeder f\u00fcr Europas Asylreform"},"content":{"rendered":"<p>\u201eWir schaffen das\u201c \u2014 drei kleine Worte mit mehr Drama als jede RTL2-Realityshow. Wer h\u00e4tte gedacht, dass ein beil\u00e4ufiger Satz auf einer Sommerpressekonferenz 2015 zu Europas Lieblings-Triggerphrase werden w\u00fcrde? Zehn Jahre sp\u00e4ter, und siehe da: nicht nur wurde \u201eWir schaffen das\u201c zum patriotischen Yoga-Mantra f\u00fcr Krisenzeiten, sondern es hat auch \u2013 Trommelwirbel bitte \u2013 den Weg f\u00fcr die gro\u00dfe europ\u00e4ische Asylreform geebnet. Ja, wirklich! Der Satz hat mehr bewegt als manche EU-Kommission in ihrer gesamten Amtslaufzeit.<\/p>\n<p>Aber keine Sorge, liebe Leser:innen, Europa hat sich nach einem Jahrzehnt hitziger Diskussionen, bockiger Mitgliedsstaaten und mehr Gipfelmeetings als Espresso in Br\u00fcssel endlich durchgerungen, ein neues Asylsystem auf die Beine zu stellen. Und es soll \u2013 jetzt haltet euch fest \u2013 tats\u00e4chlich \u201efunktionieren\u201c. Revolution\u00e4r. <\/p>\n<p>Das bedeutet konkret: Wer zu Fu\u00df \u00fcber tausend Kilometer fl\u00fcchtet, wird demn\u00e4chst nicht mehr einfach in Griechenland stranden und dort in einem \u00fcberf\u00fcllten Camp zelten, w\u00e4hrend Nordeuropa \u201eaber wir haben doch schon drei Leute aufgenommen!\u201d ruft. Stattdessen d\u00fcrfen sich jetzt alle EU-L\u00e4nder solidarisch beteiligen \u2013 also theoretisch. Praktisch d\u00fcrfen sie sich immer noch freikaufen, eine Art \u201eAsylvermeidungspauschale\u201c, weil, wie hei\u00dft es so sch\u00f6n? Gemeinsam einsam!<\/p>\n<p>Wirklich herzerw\u00e4rmend ist aber, dass es Europa ein ganzes Jahrzehnt gebraucht hat, um das Asylrecht so zu reformieren, dass es ungef\u00e4hr wie eine Mischung aus Passierschein A38 und einem Ikea-Regal funktioniert: Man hat das Gef\u00fchl, dabei zu sein, aber am Ende bleiben eigentlich nur Fragezeichen und ein kaputtes Menschenbild.<\/p>\n<p>Angela Merkel sitzt inzwischen zu Hause und gie\u00dft vielleicht ihre Tomaten, w\u00e4hrend ihr \u201eWir schaffen das\u201c durch EU-Dokumente geistert wie ein politischer Ghostwriter mit Burnout. Und wir? Wir rechnen bereits die Tage bis zur n\u00e4chsten Reform. Spoiler: Die kommt vermutlich, wenn Marsmenschen Asyl beantragen.<\/p>\n<p>Aber hey, immerhin hat\u2019s \u201enur\u201c zehn Jahre gedauert. In EU-Zeit ist das so schnell wie der Lieferservice in Berlin.<\/p>\n","protected":false},"excerpt":{"rendered":"<p>\u201eWir schaffen das\u201c \u2014 drei kleine Worte mit mehr Drama als jede RTL2-Realityshow. Wer h\u00e4tte gedacht, dass ein beil\u00e4ufiger Satz auf einer Sommerpressekonferenz 2015 zu Europas Lieblings-Triggerphrase werden w\u00fcrde? Zehn Jahre sp\u00e4ter, und siehe da: nicht nur wurde \u201eWir schaffen das\u201c zum patriotischen Yoga-Mantra f\u00fcr Krisenzeiten, sondern es hat auch \u2013 Trommelwirbel bitte \u2013 den&#8230;<\/p>\n","protected":false},"author":2,"featured_media":0,"comment_status":"closed","ping_status":"open","sticky":false,"template":"","format":"standard","meta":{"_kad_blocks_custom_css":"","_kad_blocks_head_custom_js":"","_kad_blocks_body_custom_js":"","_kad_blocks_footer_custom_js":"","_kad_post_transparent":"","_kad_post_title":"","_kad_post_layout":"","_kad_post_sidebar_id":"","_kad_post_content_style":"","_kad_post_vertical_padding":"","_kad_post_feature":"","_kad_post_feature_position":"","_kad_post_header":false,"_kad_post_footer":false,"footnotes":""},"categories":[3,1],"tags":[],"class_list":["post-355","post","type-post","status-publish","format-standard","hentry","category-news","category-uncategorized"],"taxonomy_info":{"category":[{"value":3,"label":"News"},{"value":1,"label":"Uncategorized"}]},"featured_image_src_large":false,"author_info":{"display_name":"blogger","author_link":"https:\/\/swen-mercer.com\/de\/author\/blogger\/"},"comment_info":0,"category_info":[{"term_id":3,"name":"News","slug":"news","term_group":0,"term_taxonomy_id":3,"taxonomy":"category","description":"","parent":0,"count":93,"filter":"raw","cat_ID":3,"category_count":93,"category_description":"","cat_name":"News","category_nicename":"news","category_parent":0},{"term_id":1,"name":"Uncategorized","slug":"uncategorized","term_group":0,"term_taxonomy_id":1,"taxonomy":"category","description":"","parent":0,"count":27,"filter":"raw","cat_ID":1,"category_count":27,"category_description":"","cat_name":"Uncategorized","category_nicename":"uncategorized","category_parent":0}],"tag_info":false,"_links":{"self":[{"href":"https:\/\/swen-mercer.com\/de\/wp-json\/wp\/v2\/posts\/355","targetHints":{"allow":["GET"]}}],"collection":[{"href":"https:\/\/swen-mercer.com\/de\/wp-json\/wp\/v2\/posts"}],"about":[{"href":"https:\/\/swen-mercer.com\/de\/wp-json\/wp\/v2\/types\/post"}],"author":[{"embeddable":true,"href":"https:\/\/swen-mercer.com\/de\/wp-json\/wp\/v2\/users\/2"}],"replies":[{"embeddable":true,"href":"https:\/\/swen-mercer.com\/de\/wp-json\/wp\/v2\/comments?post=355"}],"version-history":[{"count":1,"href":"https:\/\/swen-mercer.com\/de\/wp-json\/wp\/v2\/posts\/355\/revisions"}],"predecessor-version":[{"id":525,"href":"https:\/\/swen-mercer.com\/de\/wp-json\/wp\/v2\/posts\/355\/revisions\/525"}],"wp:attachment":[{"href":"https:\/\/swen-mercer.com\/de\/wp-json\/wp\/v2\/media?parent=355"}],"wp:term":[{"taxonomy":"category","embeddable":true,"href":"https:\/\/swen-mercer.com\/de\/wp-json\/wp\/v2\/categories?post=355"},{"taxonomy":"post_tag","embeddable":true,"href":"https:\/\/swen-mercer.com\/de\/wp-json\/wp\/v2\/tags?post=355"}],"curies":[{"name":"wp","href":"https:\/\/api.w.org\/{rel}","templated":true}]}}